{"id":1006,"date":"2020-06-18T17:04:55","date_gmt":"2020-06-18T15:04:55","guid":{"rendered":"https:\/\/www.prepyr365.com\/blog\/?p=1006"},"modified":"2020-06-18T17:06:08","modified_gmt":"2020-06-18T15:06:08","slug":"prepirenaicxs-hospederia-sadaba","status":"publish","type":"post","link":"https:\/\/www.prepyr365.com\/blog\/prepirenaicxs-hospederia-sadaba\/","title":{"rendered":"PREPIRENAICXS - HOSPEDER\u00cdA DE S\u00c1DABA"},"content":{"rendered":"<p>La <strong>Hospeder\u00eda de S\u00e1daba<\/strong> est\u00e1 ubicada en pleno\u00a0coraz\u00f3n de la <strong>comarca de las Cinco de Villas<\/strong> donde se funden el arte, la historia y la cultura. Al frente de este espacio se encuentra <strong>Inma Zarralanga<\/strong>, aficionada a la Ornitolog\u00eda, especializada en Turismo y enamorada del patrimonio natural y cultural de las Cinco Villas. Junto a ella, todo un equipo que hacen de <strong>Hospeder\u00eda de S\u00e1daba<\/strong> un destino tur\u00edstico ideal para conocer el <span style=\"color: #ff9900;\"><strong>Prepirineo<\/strong><\/span>.<\/p>\n<p>&nbsp;<\/p>\n<p><strong><span style=\"color: #ff9900;\">- \u00bfQu\u00e9 servicios ofrece la Hospeder\u00eda de S\u00e1daba?<\/span><\/strong><\/p>\n<p class=\"p1\">Ofrecemos el servicio de alojamiento, desayunos, cenas y comidas. Y adem\u00e1s, tambi\u00e9n realizamos eventos peque\u00f1os con capacidad para 60 personas, aproximadamente.<\/p>\n<p>&nbsp;<\/p>\n<p class=\"p1\"><span style=\"color: #ff9900;\"><strong>- Cu\u00e9ntanos la historia de vuestra aventura empresarial...<\/strong><\/span><\/p>\n<p class=\"p1\">En el 2016 sali\u00f3 a concurso la gesti\u00f3n de la <strong><a href=\"http:\/\/www.hospederiadesadaba.es\/\">Hospeder\u00eda de S\u00e1daba<\/a><\/strong> por parte del Ayuntamiento, despu\u00e9s de seis a\u00f1os cerrada. Jos\u00e9 Antonio Monz\u00f3n, gerente actual, gan\u00f3 el concurso con un proyecto innovador integrando <strong>proyectos culturales<\/strong>, musicales, de danza al mundo del <strong>turismo<\/strong>, al conocimiento de los valores hist\u00f3ricos, culturales, naturales, sociales de la <span style=\"color: #ff9900;\"><strong>villa de S\u00e1daba<\/strong><\/span> y de la <strong><span style=\"color: #ff9900;\">comarca de las Cinco Villas<\/span><\/strong>.<\/p>\n<p class=\"p1\">Poco a poco fuimos incorpor\u00e1ndonos el resto de personas que all\u00ed trabajamos. El restaurante se subcontrat\u00f3 a la <strong>Encantaria<\/strong>, lo gestionan Isabel y Joan, que ten\u00edan su restaurante en Zaragoza y decidieron venirse al pueblo, apostar por el mundo rural. La cafeter\u00eda tambi\u00e9n est\u00e1 subcontratada y es gestionada por Yordanka, que vive en <strong>Biota<\/strong> y tras una peque\u00f1a experiencia en el mundo de la restauraci\u00f3n apost\u00f3 por la gesti\u00f3n de la cafeter\u00eda de la <strong>Hospeder\u00eda, Caf\u00e9 Jard\u00edn<\/strong>. Pili es la persona encargada de limpieza, vive en <strong>S\u00e1daba<\/strong> desde hace muchos a\u00f1os, lleg\u00f3 siendo muy peque\u00f1a desde Australia. Y, finalmente, yo me encargo de recepci\u00f3n, gesti\u00f3n de clientes, etc\u00e9tera. Vivo en <strong><span style=\"color: #ff9900;\">Ejea de los Caballeros<\/span><\/strong>, estoy diplomada en <strong>Turismo<\/strong>, y tengo experiencia en el mundo del turismo trabajando como <strong>gu\u00eda cultural y de naturaleza.<\/strong><\/p>\n<p>&nbsp;<\/p>\n<p><img loading=\"lazy\" decoding=\"async\" class=\"aligncenter size-large wp-image-1009\" src=\"https:\/\/www.prepyr365.com\/blog\/wp-content\/uploads\/2020\/06\/22s-1024x683.jpg\" alt=\"\" width=\"640\" height=\"427\" srcset=\"https:\/\/www.prepyr365.com\/blog\/wp-content\/uploads\/2020\/06\/22s-1024x683.jpg 1024w, https:\/\/www.prepyr365.com\/blog\/wp-content\/uploads\/2020\/06\/22s-300x200.jpg 300w, https:\/\/www.prepyr365.com\/blog\/wp-content\/uploads\/2020\/06\/22s-768x512.jpg 768w\" sizes=\"auto, (max-width: 640px) 100vw, 640px\" \/><\/p>\n<p>&nbsp;<\/p>\n<p class=\"p1\"><strong><span style=\"color: #ff9900;\">- \u00bfCu\u00e1nto tiempo llevas trabajando en el Prepirineo?<\/span><\/strong><\/p>\n<p class=\"p1\">Mont\u00e9 mi propia empresa de turismo el el 2007 y realizaba <strong><span style=\"color: #ff9900;\">rutas\/paseos por la naturaleza en la comarca de las Cinco Villas<\/span><\/strong>. Tras su cierre y pensar qu\u00e9 hacer con mi vida surgi\u00f3 la oportunidad de trabajar en este proyecto de gesti\u00f3n de la <strong>Hospeder\u00eda de S\u00e1daba<\/strong>.<\/p>\n<p><img loading=\"lazy\" decoding=\"async\" class=\"aligncenter size-full wp-image-1012\" src=\"https:\/\/www.prepyr365.com\/blog\/wp-content\/uploads\/2020\/06\/Captura-de-pantalla-2020-06-18-a-las-16.44.59.png\" alt=\"\" width=\"956\" height=\"323\" srcset=\"https:\/\/www.prepyr365.com\/blog\/wp-content\/uploads\/2020\/06\/Captura-de-pantalla-2020-06-18-a-las-16.44.59.png 956w, https:\/\/www.prepyr365.com\/blog\/wp-content\/uploads\/2020\/06\/Captura-de-pantalla-2020-06-18-a-las-16.44.59-300x101.png 300w, https:\/\/www.prepyr365.com\/blog\/wp-content\/uploads\/2020\/06\/Captura-de-pantalla-2020-06-18-a-las-16.44.59-768x259.png 768w\" sizes=\"auto, (max-width: 956px) 100vw, 956px\" \/><\/p>\n<p>&nbsp;<\/p>\n<p class=\"p1\"><span style=\"color: #ff9900;\"><strong>- \u00bfQu\u00e9 es lo que m\u00e1s te gusta de esta zona y qu\u00e9 aficiones tienes?<\/strong><\/span><\/p>\n<p class=\"p1\">Me gusta la gran diversidad de paisajes que hay, porque eso te da m\u00e1s oportunidades de disfrutar de cosas diferentes y casi extremas. En el <strong><span style=\"color: #ff9900;\">Prepirineo<\/span><\/strong> puedes pasar de bosques de hayas y robles, a campos de cultivos, arrozales con gran variedad de aves y de all\u00ed a la estepa, a un paisaje casi lunar.<\/p>\n<p class=\"p1\">Soy aficionada a la <strong>Ornitolog\u00eda<\/strong>, aprend\u00ed todo lo que s\u00e9 realizando rutas por la naturaleza acompa\u00f1ado de formaci\u00f3n especializada. Me gusta hacer deporte, sobre todo salir a correr cuando tengo tiempo. Y me encanta visitar mi comarca, ver sus pueblos, impregnarme de su historia y su cultura.<\/p>\n<p>&nbsp;<\/p>\n<p class=\"p1\"><span style=\"color: #ff9900;\"><strong>- \u00bfQue actividad de Prepyr365 nos recomendar\u00edas para poder hacer cerca de la Hospeder\u00eda de S\u00e1daba?<\/strong><\/span><\/p>\n<p class=\"p1\">Podr\u00eda elegir una ruta de <span style=\"color: #ff9900;\"><strong><a href=\"https:\/\/prepirineoclandestino.prepyr365.com\/\">Prepirineo Clandestino<\/a> en Uncastillo<\/strong><\/span> o una de <a href=\"https:\/\/www.prepyr365.com\/es\/rutas\/senderismo\/senderos-de-leyenda.html\"><strong>Senderos de Leyenda<\/strong><\/a>, la de <strong><span style=\"color: #ff9900;\">Ralla de la Negra<\/span><\/strong>.<\/p>\n<p><img loading=\"lazy\" decoding=\"async\" class=\"aligncenter size-large wp-image-1010\" src=\"https:\/\/www.prepyr365.com\/blog\/wp-content\/uploads\/2020\/06\/38s-1024x682.jpg\" alt=\"\" width=\"640\" height=\"426\" srcset=\"https:\/\/www.prepyr365.com\/blog\/wp-content\/uploads\/2020\/06\/38s-1024x682.jpg 1024w, https:\/\/www.prepyr365.com\/blog\/wp-content\/uploads\/2020\/06\/38s-300x200.jpg 300w, https:\/\/www.prepyr365.com\/blog\/wp-content\/uploads\/2020\/06\/38s-768x512.jpg 768w, https:\/\/www.prepyr365.com\/blog\/wp-content\/uploads\/2020\/06\/38s.jpg 2000w\" sizes=\"auto, (max-width: 640px) 100vw, 640px\" \/><\/p>\n<p>&nbsp;<\/p>\n","protected":false},"excerpt":{"rendered":"<p>La Hospeder\u00eda de S\u00e1daba est\u00e1 ubicada en pleno\u00a0coraz\u00f3n de la comarca de las Cinco de Villas donde se funden el [&hellip;]<\/p>\n","protected":false},"author":2,"featured_media":1011,"comment_status":"closed","ping_status":"closed","sticky":false,"template":"","format":"standard","meta":{"footnotes":""},"categories":[1],"tags":[],"class_list":["post-1006","post","type-post","status-publish","format-standard","has-post-thumbnail","hentry","category-sin-categoria"],"acf":[],"yoast_head":"<!-- This site is optimized with the Yoast SEO plugin v19.3 - https:\/\/yoast.com\/wordpress\/plugins\/seo\/ -->\n<title>PREPIRENAICXS - HOSPEDER\u00cdA DE S\u00c1DABA - Prepyr<\/title>\n<meta name=\"robots\" content=\"index, follow, max-snippet:-1, max-image-preview:large, max-video-preview:-1\" \/>\n<link rel=\"canonical\" href=\"https:\/\/www.prepyr365.com\/blog\/prepirenaicxs-hospederia-sadaba\/\" \/>\n<meta property=\"og:locale\" content=\"es_ES\" \/>\n<meta property=\"og:type\" content=\"article\" \/>\n<meta property=\"og:title\" content=\"PREPIRENAICXS - HOSPEDER\u00cdA DE S\u00c1DABA - Prepyr\" \/>\n<meta property=\"og:description\" content=\"La Hospeder\u00eda de S\u00e1daba est\u00e1 ubicada en pleno\u00a0coraz\u00f3n de la comarca de las Cinco de Villas donde se funden el [&hellip;]\" \/>\n<meta property=\"og:url\" content=\"https:\/\/www.prepyr365.com\/blog\/prepirenaicxs-hospederia-sadaba\/\" \/>\n<meta property=\"og:site_name\" content=\"Prepyr\" \/>\n<meta property=\"article:published_time\" content=\"2020-06-18T15:04:55+00:00\" \/>\n<meta property=\"article:modified_time\" content=\"2020-06-18T15:06:08+00:00\" \/>\n<meta property=\"og:image\" content=\"https:\/\/www.prepyr365.com\/blog\/wp-content\/uploads\/2020\/06\/Captura-de-pantalla-2020-06-18-a-las-14.13.54.png\" \/>\n\t<meta property=\"og:image:width\" content=\"809\" \/>\n\t<meta property=\"og:image:height\" content=\"483\" \/>\n\t<meta property=\"og:image:type\" content=\"image\/png\" \/>\n<meta name=\"author\" content=\"Prepyr365\" \/>\n<meta name=\"twitter:card\" content=\"summary\" \/>\n<meta name=\"twitter:creator\" content=\"@root\" \/>\n<meta name=\"twitter:label1\" content=\"Escrito por\" \/>\n\t<meta name=\"twitter:data1\" content=\"Prepyr365\" \/>\n\t<meta name=\"twitter:label2\" content=\"Tiempo de lectura\" \/>\n\t<meta name=\"twitter:data2\" content=\"3 minutos\" \/>\n<script type=\"application\/ld+json\" class=\"yoast-schema-graph\">{\"@context\":\"https:\/\/schema.org\",\"@graph\":[{\"@type\":\"WebSite\",\"@id\":\"https:\/\/www.prepyr365.com\/blog\/#website\",\"url\":\"https:\/\/www.prepyr365.com\/blog\/\",\"name\":\"Prepyr\",\"description\":\"\",\"potentialAction\":[{\"@type\":\"SearchAction\",\"target\":{\"@type\":\"EntryPoint\",\"urlTemplate\":\"https:\/\/www.prepyr365.com\/blog\/?s={search_term_string}\"},\"query-input\":\"required name=search_term_string\"}],\"inLanguage\":\"es\"},{\"@type\":\"ImageObject\",\"inLanguage\":\"es\",\"@id\":\"https:\/\/www.prepyr365.com\/blog\/prepirenaicxs-hospederia-sadaba\/#primaryimage\",\"url\":\"https:\/\/www.prepyr365.com\/blog\/wp-content\/uploads\/2020\/06\/Captura-de-pantalla-2020-06-18-a-las-14.13.54.png\",\"contentUrl\":\"https:\/\/www.prepyr365.com\/blog\/wp-content\/uploads\/2020\/06\/Captura-de-pantalla-2020-06-18-a-las-14.13.54.png\",\"width\":809,\"height\":483},{\"@type\":\"WebPage\",\"@id\":\"https:\/\/www.prepyr365.com\/blog\/prepirenaicxs-hospederia-sadaba\/\",\"url\":\"https:\/\/www.prepyr365.com\/blog\/prepirenaicxs-hospederia-sadaba\/\",\"name\":\"PREPIRENAICXS - HOSPEDER\u00cdA DE S\u00c1DABA - Prepyr\",\"isPartOf\":{\"@id\":\"https:\/\/www.prepyr365.com\/blog\/#website\"},\"primaryImageOfPage\":{\"@id\":\"https:\/\/www.prepyr365.com\/blog\/prepirenaicxs-hospederia-sadaba\/#primaryimage\"},\"datePublished\":\"2020-06-18T15:04:55+00:00\",\"dateModified\":\"2020-06-18T15:06:08+00:00\",\"author\":{\"@id\":\"https:\/\/www.prepyr365.com\/blog\/#\/schema\/person\/2783d85ac982d6b95a73d910e0c243b7\"},\"breadcrumb\":{\"@id\":\"https:\/\/www.prepyr365.com\/blog\/prepirenaicxs-hospederia-sadaba\/#breadcrumb\"},\"inLanguage\":\"es\",\"potentialAction\":[{\"@type\":\"ReadAction\",\"target\":[\"https:\/\/www.prepyr365.com\/blog\/prepirenaicxs-hospederia-sadaba\/\"]}]},{\"@type\":\"BreadcrumbList\",\"@id\":\"https:\/\/www.prepyr365.com\/blog\/prepirenaicxs-hospederia-sadaba\/#breadcrumb\",\"itemListElement\":[{\"@type\":\"ListItem\",\"position\":1,\"name\":\"Portada\",\"item\":\"https:\/\/www.prepyr365.com\/blog\/\"},{\"@type\":\"ListItem\",\"position\":2,\"name\":\"PREPIRENAICXS - HOSPEDER\u00cdA DE S\u00c1DABA\"}]},{\"@type\":\"Person\",\"@id\":\"https:\/\/www.prepyr365.com\/blog\/#\/schema\/person\/2783d85ac982d6b95a73d910e0c243b7\",\"name\":\"Prepyr365\",\"sameAs\":[\"https:\/\/twitter.com\/root\"],\"url\":\"https:\/\/www.prepyr365.com\/blog\/author\/prepyr365\/\"}]}<\/script>\n<!-- \/ Yoast SEO plugin. -->","yoast_head_json":{"title":"PREPIRENAICXS - HOSPEDER\u00cdA DE S\u00c1DABA - Prepyr","robots":{"index":"index","follow":"follow","max-snippet":"max-snippet:-1","max-image-preview":"max-image-preview:large","max-video-preview":"max-video-preview:-1"},"canonical":"https:\/\/www.prepyr365.com\/blog\/prepirenaicxs-hospederia-sadaba\/","og_locale":"es_ES","og_type":"article","og_title":"PREPIRENAICXS - HOSPEDER\u00cdA DE S\u00c1DABA - Prepyr","og_description":"La Hospeder\u00eda de S\u00e1daba est\u00e1 ubicada en pleno\u00a0coraz\u00f3n de la comarca de las Cinco de Villas donde se funden el [&hellip;]","og_url":"https:\/\/www.prepyr365.com\/blog\/prepirenaicxs-hospederia-sadaba\/","og_site_name":"Prepyr","article_published_time":"2020-06-18T15:04:55+00:00","article_modified_time":"2020-06-18T15:06:08+00:00","og_image":[{"width":809,"height":483,"url":"https:\/\/www.prepyr365.com\/blog\/wp-content\/uploads\/2020\/06\/Captura-de-pantalla-2020-06-18-a-las-14.13.54.png","type":"image\/png"}],"author":"Prepyr365","twitter_card":"summary","twitter_creator":"@root","twitter_misc":{"Escrito por":"Prepyr365","Tiempo de lectura":"3 minutos"},"schema":{"@context":"https:\/\/schema.org","@graph":[{"@type":"WebSite","@id":"https:\/\/www.prepyr365.com\/blog\/#website","url":"https:\/\/www.prepyr365.com\/blog\/","name":"Prepyr","description":"","potentialAction":[{"@type":"SearchAction","target":{"@type":"EntryPoint","urlTemplate":"https:\/\/www.prepyr365.com\/blog\/?s={search_term_string}"},"query-input":"required name=search_term_string"}],"inLanguage":"es"},{"@type":"ImageObject","inLanguage":"es","@id":"https:\/\/www.prepyr365.com\/blog\/prepirenaicxs-hospederia-sadaba\/#primaryimage","url":"https:\/\/www.prepyr365.com\/blog\/wp-content\/uploads\/2020\/06\/Captura-de-pantalla-2020-06-18-a-las-14.13.54.png","contentUrl":"https:\/\/www.prepyr365.com\/blog\/wp-content\/uploads\/2020\/06\/Captura-de-pantalla-2020-06-18-a-las-14.13.54.png","width":809,"height":483},{"@type":"WebPage","@id":"https:\/\/www.prepyr365.com\/blog\/prepirenaicxs-hospederia-sadaba\/","url":"https:\/\/www.prepyr365.com\/blog\/prepirenaicxs-hospederia-sadaba\/","name":"PREPIRENAICXS - HOSPEDER\u00cdA DE S\u00c1DABA - Prepyr","isPartOf":{"@id":"https:\/\/www.prepyr365.com\/blog\/#website"},"primaryImageOfPage":{"@id":"https:\/\/www.prepyr365.com\/blog\/prepirenaicxs-hospederia-sadaba\/#primaryimage"},"datePublished":"2020-06-18T15:04:55+00:00","dateModified":"2020-06-18T15:06:08+00:00","author":{"@id":"https:\/\/www.prepyr365.com\/blog\/#\/schema\/person\/2783d85ac982d6b95a73d910e0c243b7"},"breadcrumb":{"@id":"https:\/\/www.prepyr365.com\/blog\/prepirenaicxs-hospederia-sadaba\/#breadcrumb"},"inLanguage":"es","potentialAction":[{"@type":"ReadAction","target":["https:\/\/www.prepyr365.com\/blog\/prepirenaicxs-hospederia-sadaba\/"]}]},{"@type":"BreadcrumbList","@id":"https:\/\/www.prepyr365.com\/blog\/prepirenaicxs-hospederia-sadaba\/#breadcrumb","itemListElement":[{"@type":"ListItem","position":1,"name":"Portada","item":"https:\/\/www.prepyr365.com\/blog\/"},{"@type":"ListItem","position":2,"name":"PREPIRENAICXS - HOSPEDER\u00cdA DE S\u00c1DABA"}]},{"@type":"Person","@id":"https:\/\/www.prepyr365.com\/blog\/#\/schema\/person\/2783d85ac982d6b95a73d910e0c243b7","name":"Prepyr365","sameAs":["https:\/\/twitter.com\/root"],"url":"https:\/\/www.prepyr365.com\/blog\/author\/prepyr365\/"}]}},"_links":{"self":[{"href":"https:\/\/www.prepyr365.com\/blog\/wp-json\/wp\/v2\/posts\/1006","targetHints":{"allow":["GET"]}}],"collection":[{"href":"https:\/\/www.prepyr365.com\/blog\/wp-json\/wp\/v2\/posts"}],"about":[{"href":"https:\/\/www.prepyr365.com\/blog\/wp-json\/wp\/v2\/types\/post"}],"author":[{"embeddable":true,"href":"https:\/\/www.prepyr365.com\/blog\/wp-json\/wp\/v2\/users\/2"}],"replies":[{"embeddable":true,"href":"https:\/\/www.prepyr365.com\/blog\/wp-json\/wp\/v2\/comments?post=1006"}],"version-history":[{"count":2,"href":"https:\/\/www.prepyr365.com\/blog\/wp-json\/wp\/v2\/posts\/1006\/revisions"}],"predecessor-version":[{"id":1014,"href":"https:\/\/www.prepyr365.com\/blog\/wp-json\/wp\/v2\/posts\/1006\/revisions\/1014"}],"wp:featuredmedia":[{"embeddable":true,"href":"https:\/\/www.prepyr365.com\/blog\/wp-json\/wp\/v2\/media\/1011"}],"wp:attachment":[{"href":"https:\/\/www.prepyr365.com\/blog\/wp-json\/wp\/v2\/media?parent=1006"}],"wp:term":[{"taxonomy":"category","embeddable":true,"href":"https:\/\/www.prepyr365.com\/blog\/wp-json\/wp\/v2\/categories?post=1006"},{"taxonomy":"post_tag","embeddable":true,"href":"https:\/\/www.prepyr365.com\/blog\/wp-json\/wp\/v2\/tags?post=1006"}],"curies":[{"name":"wp","href":"https:\/\/api.w.org\/{rel}","templated":true}]}}