{"id":1063,"date":"2020-07-28T16:44:14","date_gmt":"2020-07-28T14:44:14","guid":{"rendered":"https:\/\/www.prepyr365.com\/blog\/?p=1063"},"modified":"2020-07-28T16:44:46","modified_gmt":"2020-07-28T14:44:46","slug":"prepirenaicxs-viajar-aragon","status":"publish","type":"post","link":"https:\/\/www.prepyr365.com\/blog\/prepirenaicxs-viajar-aragon\/","title":{"rendered":"PREPIRENAICXS - VIAJAR POR ARAG\u00d3N"},"content":{"rendered":"<p><strong>Carlos D\u00edaz<\/strong> es un enamorado de todo el territorio aragon\u00e9s en general, y del <span style=\"color: #ff9900;\"><strong>Prepirineo<\/strong><\/span> en particular. Por eso, es el fundador de <a href=\"https:\/\/www.viajarporaragon.com\/\">Viajar por Arag\u00f3n<\/a>, una agencia de viajes desde la que prepara escapadas y paquetes vacaciones con el fin de difundir todos los rincones maravillosos que esta tierra guarda. \u00bfQuieres conocerle mejor?<\/p>\n<p>&nbsp;<\/p>\n<p><span style=\"color: #ff9900;\"><strong>- \u00bfQu\u00e9 servicios ofrece tu negocio? <\/strong><\/span><\/p>\n<p><strong>Viajar por Arag\u00f3n<\/strong> es una agencia de viajes cuyo destino es pr\u00e1cticamente al <strong>100% Arag\u00f3n<\/strong>. Hemos buscado la especializaci\u00f3n tratando de ser un referente dentro del <strong>turismo<\/strong> en esta comunidad aut\u00f3noma. Para ello realizamos desde <strong>excursiones y escapadas<\/strong> hasta <strong>paquetes vacacionales<\/strong> de varios d\u00edas por distintas zonas de <strong>Arag\u00f3n<\/strong>. Siempre solemos trabajar el todo-incluido para que el cliente no se preocupe de nada m\u00e1s que de disfrutar del viaje. Y por otro lado en la web tambi\u00e9n se pueden realizar reservas online tanto de alojamientos como de actividades de ocio y de aventura.<\/p>\n<p><img loading=\"lazy\" decoding=\"async\" class=\"aligncenter size-large wp-image-1067\" src=\"https:\/\/www.prepyr365.com\/blog\/wp-content\/uploads\/2020\/07\/IMG_1361-1024x683.jpg\" alt=\"\" width=\"640\" height=\"427\" srcset=\"https:\/\/www.prepyr365.com\/blog\/wp-content\/uploads\/2020\/07\/IMG_1361-1024x683.jpg 1024w, https:\/\/www.prepyr365.com\/blog\/wp-content\/uploads\/2020\/07\/IMG_1361-300x200.jpg 300w, https:\/\/www.prepyr365.com\/blog\/wp-content\/uploads\/2020\/07\/IMG_1361-768x512.jpg 768w, https:\/\/www.prepyr365.com\/blog\/wp-content\/uploads\/2020\/07\/IMG_1361.jpg 1296w\" sizes=\"auto, (max-width: 640px) 100vw, 640px\" \/><\/p>\n<p>&nbsp;<\/p>\n<p><span style=\"color: #ff9900;\"><strong>- \u00bfQu\u00e9 equipo form\u00e1is Viajar por Arag\u00f3n? <\/strong><\/span><\/p>\n<p><strong><span style=\"color: #ff9900;\">Viajar por Arag\u00f3n<\/span><\/strong> nace con <strong>Carlos D\u00edaz<\/strong> como aut\u00f3nomo, y durante los primeros meses trabaja en solitario, pero a menudo se requer\u00eda del apoyo ocasional tanto de gu\u00edas culturales como de <strong>gu\u00edas de monta\u00f1a<\/strong>. Este 2020 ha comenzado <strong>Alba Mart\u00edn<\/strong>, estudiante de Turismo por la Universidad de Zaragoza, y la intenci\u00f3n es que pueda continuar tambi\u00e9n en el 2021. Aun siendo as\u00ed, estamos en continuo contacto con otras pymes y aut\u00f3nomos con los que realizamos colaboraciones.<\/p>\n<p><img loading=\"lazy\" decoding=\"async\" class=\"aligncenter size-large wp-image-1066\" src=\"https:\/\/www.prepyr365.com\/blog\/wp-content\/uploads\/2020\/07\/20200724_1545402-1024x576.jpg\" alt=\"\" width=\"640\" height=\"360\" srcset=\"https:\/\/www.prepyr365.com\/blog\/wp-content\/uploads\/2020\/07\/20200724_1545402-1024x576.jpg 1024w, https:\/\/www.prepyr365.com\/blog\/wp-content\/uploads\/2020\/07\/20200724_1545402-300x169.jpg 300w, https:\/\/www.prepyr365.com\/blog\/wp-content\/uploads\/2020\/07\/20200724_1545402-768x432.jpg 768w\" sizes=\"auto, (max-width: 640px) 100vw, 640px\" \/><\/p>\n<p>&nbsp;<\/p>\n<p><span style=\"color: #ff9900;\"><strong>- \u00bfC\u00f3mo y por qu\u00e9 decidiste emprender este negocio? <\/strong><\/span><\/p>\n<p>Principalmente es por el amor por <strong>Arag\u00f3n<\/strong> y su territorio. Siempre quise desarrollar algo en pro de esta tierra, y algo a lo que le pudiese dar los valores que creo son indispensables en este siglo XXI, tales c\u00f3mo la sostenibilidad, el respeto por el entorno y el <strong>medio ambiente<\/strong>, y la contribuci\u00f3n en la medida de lo posible a que nuestro territorio siga siendo un territorio vivo generando sinergias y colaboraciones con otras empresas en base a las cuales se pueda generar empleo en el medio rural aunque este sea vinculado al <strong>turismo<\/strong>, el cual parece ser la carta de salvaci\u00f3n de gran parte del territorio.<\/p>\n<p>&nbsp;<\/p>\n<p><span style=\"color: #ff9900;\"><strong>- \u00bfQu\u00e9 es lo que m\u00e1s te gusta del Prepirineo y qu\u00e9 aficiones tienes? <\/strong><\/span><\/p>\n<p>Para mi el <span style=\"color: #ff9900;\"><strong>Prepirineo<\/strong><\/span> lo es todo\u2026 son los recuerdos de mi infancia, con meses de vida ya me ba\u00f1aba en el barranco del <strong>Pituelo (Ag\u00fcero)<\/strong> y en el <strong>r\u00edo G\u00e1llego<\/strong>, he hecho all\u00ed grand\u00edsimas amistades, y siempre me sentir\u00e9 como en casa pese a ser de Zaragoza. Pese a eso, lo que m\u00e1s me gusta es contar con un territorio realmente aut\u00e9ntico d\u00f3nde sus pueblos han sabido sumarse a este desarrollo sostenible vinculado al turismo de calidad. Entre mis aficiones est\u00e1n el <strong>senderismo<\/strong>, la fotograf\u00eda y la escritura.<\/p>\n<p><img loading=\"lazy\" decoding=\"async\" class=\"aligncenter size-large wp-image-1068\" src=\"https:\/\/www.prepyr365.com\/blog\/wp-content\/uploads\/2020\/07\/Teruel-2020-1024x512.jpg\" alt=\"\" width=\"640\" height=\"320\" srcset=\"https:\/\/www.prepyr365.com\/blog\/wp-content\/uploads\/2020\/07\/Teruel-2020-1024x512.jpg 1024w, https:\/\/www.prepyr365.com\/blog\/wp-content\/uploads\/2020\/07\/Teruel-2020-300x150.jpg 300w, https:\/\/www.prepyr365.com\/blog\/wp-content\/uploads\/2020\/07\/Teruel-2020-768x384.jpg 768w\" sizes=\"auto, (max-width: 640px) 100vw, 640px\" \/><\/p>\n<p>&nbsp;<\/p>\n<p><span style=\"color: #ff9900;\"><strong>- \u00bfQu\u00e9 actividades de Prepyr ofrecer\u00edas cerca de tu negocio?<\/strong><\/span><\/p>\n<p>Va muy en la l\u00ednea de <strong>Viajar por Arag\u00f3n<\/strong> la experiencia de \u201c<a href=\"https:\/\/prepirineoclandestino.prepyr365.com\/\"><span style=\"color: #ff9900;\"><strong>Prepirineo Clandestino<\/strong><\/span><\/a>\u201d. El a\u00f1o pasado <strong>Viajar por Arag\u00f3n<\/strong> tambi\u00e9n present\u00f3 una <strong>experiencia tur\u00edstica<\/strong> a la gala 2019, con la que fuimos finalistas, y se llamaba \u201cel enigma de San Juan de la Pe\u00f1a\u201d la cual tiene muchas cosas en com\u00fan con la experiencia de \u201c<strong>Prepirineo Clandestino<\/strong>\u201d por esto estamos en tr\u00e1mites para ver c\u00f3mo podemos colaborar en su gesti\u00f3n.<\/p>\n<p>&nbsp;<\/p>\n","protected":false},"excerpt":{"rendered":"<p>Carlos D\u00edaz es un enamorado de todo el territorio aragon\u00e9s en general, y del Prepirineo en particular. Por eso, es [&hellip;]<\/p>\n","protected":false},"author":2,"featured_media":1065,"comment_status":"closed","ping_status":"closed","sticky":false,"template":"","format":"standard","meta":{"footnotes":""},"categories":[50,13,14,57],"tags":[],"class_list":["post-1063","post","type-post","status-publish","format-standard","has-post-thumbnail","hentry","category-cultura","category-experiencias","category-paquetes","category-servicios"],"acf":[],"yoast_head":"<!-- This site is optimized with the Yoast SEO plugin v19.3 - https:\/\/yoast.com\/wordpress\/plugins\/seo\/ -->\n<title>PREPIRENAICXS - VIAJAR POR ARAG\u00d3N - Prepyr<\/title>\n<meta name=\"robots\" content=\"index, follow, max-snippet:-1, max-image-preview:large, max-video-preview:-1\" \/>\n<link rel=\"canonical\" href=\"https:\/\/www.prepyr365.com\/blog\/prepirenaicxs-viajar-aragon\/\" \/>\n<meta property=\"og:locale\" content=\"es_ES\" \/>\n<meta property=\"og:type\" content=\"article\" \/>\n<meta property=\"og:title\" content=\"PREPIRENAICXS - VIAJAR POR ARAG\u00d3N - Prepyr\" \/>\n<meta property=\"og:description\" content=\"Carlos D\u00edaz es un enamorado de todo el territorio aragon\u00e9s en general, y del Prepirineo en particular. Por eso, es [&hellip;]\" \/>\n<meta property=\"og:url\" content=\"https:\/\/www.prepyr365.com\/blog\/prepirenaicxs-viajar-aragon\/\" \/>\n<meta property=\"og:site_name\" content=\"Prepyr\" \/>\n<meta property=\"article:published_time\" content=\"2020-07-28T14:44:14+00:00\" \/>\n<meta property=\"article:modified_time\" content=\"2020-07-28T14:44:46+00:00\" \/>\n<meta property=\"og:image\" content=\"https:\/\/www.prepyr365.com\/blog\/wp-content\/uploads\/2020\/07\/Captura-de-pantalla-2020-07-28-a-las-16.30.20.png\" \/>\n\t<meta property=\"og:image:width\" content=\"810\" \/>\n\t<meta property=\"og:image:height\" content=\"509\" \/>\n\t<meta property=\"og:image:type\" content=\"image\/png\" \/>\n<meta name=\"author\" content=\"Prepyr365\" \/>\n<meta name=\"twitter:card\" content=\"summary\" \/>\n<meta name=\"twitter:creator\" content=\"@root\" \/>\n<meta name=\"twitter:label1\" content=\"Escrito por\" \/>\n\t<meta name=\"twitter:data1\" content=\"Prepyr365\" \/>\n\t<meta name=\"twitter:label2\" content=\"Tiempo de lectura\" \/>\n\t<meta name=\"twitter:data2\" content=\"3 minutos\" \/>\n<script type=\"application\/ld+json\" class=\"yoast-schema-graph\">{\"@context\":\"https:\/\/schema.org\",\"@graph\":[{\"@type\":\"WebSite\",\"@id\":\"https:\/\/www.prepyr365.com\/blog\/#website\",\"url\":\"https:\/\/www.prepyr365.com\/blog\/\",\"name\":\"Prepyr\",\"description\":\"\",\"potentialAction\":[{\"@type\":\"SearchAction\",\"target\":{\"@type\":\"EntryPoint\",\"urlTemplate\":\"https:\/\/www.prepyr365.com\/blog\/?s={search_term_string}\"},\"query-input\":\"required name=search_term_string\"}],\"inLanguage\":\"es\"},{\"@type\":\"ImageObject\",\"inLanguage\":\"es\",\"@id\":\"https:\/\/www.prepyr365.com\/blog\/prepirenaicxs-viajar-aragon\/#primaryimage\",\"url\":\"https:\/\/www.prepyr365.com\/blog\/wp-content\/uploads\/2020\/07\/Captura-de-pantalla-2020-07-28-a-las-16.30.20.png\",\"contentUrl\":\"https:\/\/www.prepyr365.com\/blog\/wp-content\/uploads\/2020\/07\/Captura-de-pantalla-2020-07-28-a-las-16.30.20.png\",\"width\":810,\"height\":509},{\"@type\":\"WebPage\",\"@id\":\"https:\/\/www.prepyr365.com\/blog\/prepirenaicxs-viajar-aragon\/\",\"url\":\"https:\/\/www.prepyr365.com\/blog\/prepirenaicxs-viajar-aragon\/\",\"name\":\"PREPIRENAICXS - VIAJAR POR ARAG\u00d3N - Prepyr\",\"isPartOf\":{\"@id\":\"https:\/\/www.prepyr365.com\/blog\/#website\"},\"primaryImageOfPage\":{\"@id\":\"https:\/\/www.prepyr365.com\/blog\/prepirenaicxs-viajar-aragon\/#primaryimage\"},\"datePublished\":\"2020-07-28T14:44:14+00:00\",\"dateModified\":\"2020-07-28T14:44:46+00:00\",\"author\":{\"@id\":\"https:\/\/www.prepyr365.com\/blog\/#\/schema\/person\/2783d85ac982d6b95a73d910e0c243b7\"},\"breadcrumb\":{\"@id\":\"https:\/\/www.prepyr365.com\/blog\/prepirenaicxs-viajar-aragon\/#breadcrumb\"},\"inLanguage\":\"es\",\"potentialAction\":[{\"@type\":\"ReadAction\",\"target\":[\"https:\/\/www.prepyr365.com\/blog\/prepirenaicxs-viajar-aragon\/\"]}]},{\"@type\":\"BreadcrumbList\",\"@id\":\"https:\/\/www.prepyr365.com\/blog\/prepirenaicxs-viajar-aragon\/#breadcrumb\",\"itemListElement\":[{\"@type\":\"ListItem\",\"position\":1,\"name\":\"Portada\",\"item\":\"https:\/\/www.prepyr365.com\/blog\/\"},{\"@type\":\"ListItem\",\"position\":2,\"name\":\"PREPIRENAICXS - VIAJAR POR ARAG\u00d3N\"}]},{\"@type\":\"Person\",\"@id\":\"https:\/\/www.prepyr365.com\/blog\/#\/schema\/person\/2783d85ac982d6b95a73d910e0c243b7\",\"name\":\"Prepyr365\",\"sameAs\":[\"https:\/\/twitter.com\/root\"],\"url\":\"https:\/\/www.prepyr365.com\/blog\/author\/prepyr365\/\"}]}<\/script>\n<!-- \/ Yoast SEO plugin. -->","yoast_head_json":{"title":"PREPIRENAICXS - VIAJAR POR ARAG\u00d3N - Prepyr","robots":{"index":"index","follow":"follow","max-snippet":"max-snippet:-1","max-image-preview":"max-image-preview:large","max-video-preview":"max-video-preview:-1"},"canonical":"https:\/\/www.prepyr365.com\/blog\/prepirenaicxs-viajar-aragon\/","og_locale":"es_ES","og_type":"article","og_title":"PREPIRENAICXS - VIAJAR POR ARAG\u00d3N - Prepyr","og_description":"Carlos D\u00edaz es un enamorado de todo el territorio aragon\u00e9s en general, y del Prepirineo en particular. Por eso, es [&hellip;]","og_url":"https:\/\/www.prepyr365.com\/blog\/prepirenaicxs-viajar-aragon\/","og_site_name":"Prepyr","article_published_time":"2020-07-28T14:44:14+00:00","article_modified_time":"2020-07-28T14:44:46+00:00","og_image":[{"width":810,"height":509,"url":"https:\/\/www.prepyr365.com\/blog\/wp-content\/uploads\/2020\/07\/Captura-de-pantalla-2020-07-28-a-las-16.30.20.png","type":"image\/png"}],"author":"Prepyr365","twitter_card":"summary","twitter_creator":"@root","twitter_misc":{"Escrito por":"Prepyr365","Tiempo de lectura":"3 minutos"},"schema":{"@context":"https:\/\/schema.org","@graph":[{"@type":"WebSite","@id":"https:\/\/www.prepyr365.com\/blog\/#website","url":"https:\/\/www.prepyr365.com\/blog\/","name":"Prepyr","description":"","potentialAction":[{"@type":"SearchAction","target":{"@type":"EntryPoint","urlTemplate":"https:\/\/www.prepyr365.com\/blog\/?s={search_term_string}"},"query-input":"required name=search_term_string"}],"inLanguage":"es"},{"@type":"ImageObject","inLanguage":"es","@id":"https:\/\/www.prepyr365.com\/blog\/prepirenaicxs-viajar-aragon\/#primaryimage","url":"https:\/\/www.prepyr365.com\/blog\/wp-content\/uploads\/2020\/07\/Captura-de-pantalla-2020-07-28-a-las-16.30.20.png","contentUrl":"https:\/\/www.prepyr365.com\/blog\/wp-content\/uploads\/2020\/07\/Captura-de-pantalla-2020-07-28-a-las-16.30.20.png","width":810,"height":509},{"@type":"WebPage","@id":"https:\/\/www.prepyr365.com\/blog\/prepirenaicxs-viajar-aragon\/","url":"https:\/\/www.prepyr365.com\/blog\/prepirenaicxs-viajar-aragon\/","name":"PREPIRENAICXS - VIAJAR POR ARAG\u00d3N - Prepyr","isPartOf":{"@id":"https:\/\/www.prepyr365.com\/blog\/#website"},"primaryImageOfPage":{"@id":"https:\/\/www.prepyr365.com\/blog\/prepirenaicxs-viajar-aragon\/#primaryimage"},"datePublished":"2020-07-28T14:44:14+00:00","dateModified":"2020-07-28T14:44:46+00:00","author":{"@id":"https:\/\/www.prepyr365.com\/blog\/#\/schema\/person\/2783d85ac982d6b95a73d910e0c243b7"},"breadcrumb":{"@id":"https:\/\/www.prepyr365.com\/blog\/prepirenaicxs-viajar-aragon\/#breadcrumb"},"inLanguage":"es","potentialAction":[{"@type":"ReadAction","target":["https:\/\/www.prepyr365.com\/blog\/prepirenaicxs-viajar-aragon\/"]}]},{"@type":"BreadcrumbList","@id":"https:\/\/www.prepyr365.com\/blog\/prepirenaicxs-viajar-aragon\/#breadcrumb","itemListElement":[{"@type":"ListItem","position":1,"name":"Portada","item":"https:\/\/www.prepyr365.com\/blog\/"},{"@type":"ListItem","position":2,"name":"PREPIRENAICXS - VIAJAR POR ARAG\u00d3N"}]},{"@type":"Person","@id":"https:\/\/www.prepyr365.com\/blog\/#\/schema\/person\/2783d85ac982d6b95a73d910e0c243b7","name":"Prepyr365","sameAs":["https:\/\/twitter.com\/root"],"url":"https:\/\/www.prepyr365.com\/blog\/author\/prepyr365\/"}]}},"_links":{"self":[{"href":"https:\/\/www.prepyr365.com\/blog\/wp-json\/wp\/v2\/posts\/1063","targetHints":{"allow":["GET"]}}],"collection":[{"href":"https:\/\/www.prepyr365.com\/blog\/wp-json\/wp\/v2\/posts"}],"about":[{"href":"https:\/\/www.prepyr365.com\/blog\/wp-json\/wp\/v2\/types\/post"}],"author":[{"embeddable":true,"href":"https:\/\/www.prepyr365.com\/blog\/wp-json\/wp\/v2\/users\/2"}],"replies":[{"embeddable":true,"href":"https:\/\/www.prepyr365.com\/blog\/wp-json\/wp\/v2\/comments?post=1063"}],"version-history":[{"count":2,"href":"https:\/\/www.prepyr365.com\/blog\/wp-json\/wp\/v2\/posts\/1063\/revisions"}],"predecessor-version":[{"id":1069,"href":"https:\/\/www.prepyr365.com\/blog\/wp-json\/wp\/v2\/posts\/1063\/revisions\/1069"}],"wp:featuredmedia":[{"embeddable":true,"href":"https:\/\/www.prepyr365.com\/blog\/wp-json\/wp\/v2\/media\/1065"}],"wp:attachment":[{"href":"https:\/\/www.prepyr365.com\/blog\/wp-json\/wp\/v2\/media?parent=1063"}],"wp:term":[{"taxonomy":"category","embeddable":true,"href":"https:\/\/www.prepyr365.com\/blog\/wp-json\/wp\/v2\/categories?post=1063"},{"taxonomy":"post_tag","embeddable":true,"href":"https:\/\/www.prepyr365.com\/blog\/wp-json\/wp\/v2\/tags?post=1063"}],"curies":[{"name":"wp","href":"https:\/\/api.w.org\/{rel}","templated":true}]}}