{"id":1160,"date":"2020-11-23T20:35:13","date_gmt":"2020-11-23T19:35:13","guid":{"rendered":"https:\/\/www.prepyr365.com\/blog\/?p=1160"},"modified":"2020-11-23T20:35:32","modified_gmt":"2020-11-23T19:35:32","slug":"prepirenaicxs-albergue-sierra-arbe","status":"publish","type":"post","link":"https:\/\/www.prepyr365.com\/blog\/prepirenaicxs-albergue-sierra-arbe\/","title":{"rendered":"PREPIRENAICXS - ALBERGUE SIERRA DE ARBE"},"content":{"rendered":"<p>Desde hace alg\u00fan tiempo <strong>Ignacio Or\u00fas<\/strong> gestiona el <strong>albergue de Naval<\/strong>\u00a0(https:\/\/alberguesierradearbe.com\/) y adem\u00e1s est\u00e1 trabajando para desarrollar un proyecto que ponga en valor todo el territorio de la <span style=\"color: #ff9900;\"><strong>Sierra de Arbe<\/strong><\/span>. Un espacio con 12 rutas de enduro para disfrutar de esta sierra todo el a\u00f1o. \u00c9L MISMO<\/p>\n<p>&nbsp;<\/p>\n<ul>\n<li><span style=\"color: #ff9900;\"><strong>\u00bfEn qu\u00e9 consiste el proyecto?<\/strong><\/span><\/li>\n<\/ul>\n<p>Es un proyecto de dinamizaci\u00f3n de la <span style=\"color: #ff9900;\"><strong>Sierra de Arbe<\/strong><\/span> porque adem\u00e1s de las rutas pensamos en todo lo que tenemos en esta zona: tenemos un <strong>comedero de buitres<\/strong> que est\u00e1 sin organizar y se podr\u00edan hacer visitas guiadas; tambi\u00e9n tenemos alguna ruta de la comarca con paneles interpretativos y m\u00e1s cosas que se nos van ocurriendo cada d\u00eda.<\/p>\n<p><img loading=\"lazy\" decoding=\"async\" class=\"aligncenter size-large wp-image-1161\" src=\"https:\/\/www.prepyr365.com\/blog\/wp-content\/uploads\/2020\/11\/7a99203a-e2ef-48e1-98d8-fc769a344158-1024x683.jpg\" alt=\"\" width=\"640\" height=\"427\" srcset=\"https:\/\/www.prepyr365.com\/blog\/wp-content\/uploads\/2020\/11\/7a99203a-e2ef-48e1-98d8-fc769a344158-1024x683.jpg 1024w, https:\/\/www.prepyr365.com\/blog\/wp-content\/uploads\/2020\/11\/7a99203a-e2ef-48e1-98d8-fc769a344158-300x200.jpg 300w, https:\/\/www.prepyr365.com\/blog\/wp-content\/uploads\/2020\/11\/7a99203a-e2ef-48e1-98d8-fc769a344158-768x512.jpg 768w, https:\/\/www.prepyr365.com\/blog\/wp-content\/uploads\/2020\/11\/7a99203a-e2ef-48e1-98d8-fc769a344158.jpg 1600w\" sizes=\"auto, (max-width: 640px) 100vw, 640px\" \/><\/p>\n<ul>\n<li><strong><span style=\"color: #ff9900;\">\u00bfCu\u00e1les son los atractivos de esta zona?<\/span><\/strong><\/li>\n<\/ul>\n<p>Este destino es muy estacional, viene gente en verano, pero lo que queremos es que venga gente todo el a\u00f1o. Aqu\u00ed tenemos mucho monte y muchos senderos, pero est\u00e1n todos totalmente abandonados. As\u00ed que estamos colaborando con <a href=\"https:\/\/zonazeropirineos.com\/\">Zona Zero<\/a> para rehabilitar esos senderos y hacer rutas con ellos. El proyecto que estamos llevando a cabo es entre <span style=\"color: #ff9900;\"><strong>Naval, Abizanda y B\u00e1rcabo<\/strong><\/span> para hacer <strong>12 rutas de enduro<\/strong>. Ya hemos terminado de desbrozar la \u00faltima ruta de la partida de <strong>Abizanda<\/strong>, as\u00ed que este a\u00f1o ya se quedan terminadas tres rutas. El proyecto que nace se va a llamar <strong>Zona Zero \u2013 Sierra de Arbe<\/strong>.<\/p>\n<p>&nbsp;<\/p>\n<ul>\n<li><span style=\"color: #ff9900;\"><strong>Al final resulta que el albergue es un complemento a todo este proyecto, \u00bfdesde cu\u00e1ndo lo gestionas?<\/strong><\/span><\/li>\n<\/ul>\n<p>El <strong>albergue de Naval<\/strong> lo tengo desde el a\u00f1o pasado y adem\u00e1s de ser un lugar de <strong>alojamiento<\/strong>, tambi\u00e9n ofrezco otros servicios como <strong>alquiler de bicicletas el\u00e9ctricas<\/strong>, tambi\u00e9n hacemos <strong>talleres de alfarer\u00eda<\/strong> con un alfarero y ofrecemos muchos de los productos de <strong>Prepyr365<\/strong>, como las rutas de <a href=\"https:\/\/prepirineoclandestino.prepyr365.com\/\">Prepirineo Clandestino<\/a>. Otro valor a\u00f1adido es que tengo licencia de taxi con una <strong>furgoneta de ocho plazas y remolque para 10 bicis<\/strong>.<\/p>\n<p><img loading=\"lazy\" decoding=\"async\" class=\"aligncenter size-large wp-image-1166\" src=\"https:\/\/www.prepyr365.com\/blog\/wp-content\/uploads\/2020\/11\/35443f68-5e7c-41d8-8ade-bb6d529c45e6-1024x956.jpg\" alt=\"\" width=\"640\" height=\"598\" srcset=\"https:\/\/www.prepyr365.com\/blog\/wp-content\/uploads\/2020\/11\/35443f68-5e7c-41d8-8ade-bb6d529c45e6-1024x956.jpg 1024w, https:\/\/www.prepyr365.com\/blog\/wp-content\/uploads\/2020\/11\/35443f68-5e7c-41d8-8ade-bb6d529c45e6-300x280.jpg 300w, https:\/\/www.prepyr365.com\/blog\/wp-content\/uploads\/2020\/11\/35443f68-5e7c-41d8-8ade-bb6d529c45e6-768x717.jpg 768w, https:\/\/www.prepyr365.com\/blog\/wp-content\/uploads\/2020\/11\/35443f68-5e7c-41d8-8ade-bb6d529c45e6.jpg 1600w\" sizes=\"auto, (max-width: 640px) 100vw, 640px\" \/><\/p>\n<p>&nbsp;<\/p>\n<ul>\n<li><span style=\"color: #ff9900;\"><strong>\u00bfQui\u00e9n est\u00e1 al frente del albergue?<\/strong><\/span><\/li>\n<\/ul>\n<p>El <strong>albergue<\/strong> lo llevo yo solo, pero es verdad que si no me ayudara la familia ser\u00eda imposible; reconozco que me echan una mano. Yo trabajaba en Barbastro en una f\u00e1brica, donde llevaba 9 a\u00f1os, pero necesitaba cambiar y no quer\u00eda cambiar para seguir en otra f\u00e1brica y que al final fuera lo mismo. Quer\u00eda un cambio de verdad, en algo que realmente me gustara y que fuera para siempre. No ten\u00eda muy claro hacia d\u00f3nde iba pero me di cuenta de que lo que me iba a permitir relacionarme con la <strong>bici<\/strong> y poder vivir de ello era el <strong>albergue de Naval<\/strong>. Son tiempos dif\u00edciles, pero estoy muy contento con el cambio.<\/p>\n<p>&nbsp;<\/p>\n<ul>\n<li><strong><span style=\"color: #ff9900;\">\u00bfQu\u00e9 es lo que m\u00e1s te gusta del Prepirineo?<\/span><\/strong><\/li>\n<\/ul>\n<p>Casi no sabr\u00eda por d\u00f3nde empezar\u2026 me encanta la orograf\u00eda del terreno, la naturaleza, la variedad\u2026 Poder estar en un momento en los llanos del sur y en otro momento est\u00e1s en pleno Pirineo y adem\u00e1s, aqu\u00ed tienes rincones espectaculares. He estado en muchos sitios, pero la <span style=\"color: #ff9900;\"><strong>Sierra de Arbe<\/strong><\/span> no lo cambiar\u00eda por nada. Este destino no tiene nada que envidiar a otros lugares del mundo.<\/p>\n<p><img loading=\"lazy\" decoding=\"async\" class=\"aligncenter size-large wp-image-1162\" src=\"https:\/\/www.prepyr365.com\/blog\/wp-content\/uploads\/2020\/11\/63d4893d-8af7-42f2-8ce8-b518609722b1-1024x683.jpg\" alt=\"\" width=\"640\" height=\"427\" srcset=\"https:\/\/www.prepyr365.com\/blog\/wp-content\/uploads\/2020\/11\/63d4893d-8af7-42f2-8ce8-b518609722b1-1024x683.jpg 1024w, https:\/\/www.prepyr365.com\/blog\/wp-content\/uploads\/2020\/11\/63d4893d-8af7-42f2-8ce8-b518609722b1-300x200.jpg 300w, https:\/\/www.prepyr365.com\/blog\/wp-content\/uploads\/2020\/11\/63d4893d-8af7-42f2-8ce8-b518609722b1-768x512.jpg 768w, https:\/\/www.prepyr365.com\/blog\/wp-content\/uploads\/2020\/11\/63d4893d-8af7-42f2-8ce8-b518609722b1.jpg 1600w\" sizes=\"auto, (max-width: 640px) 100vw, 640px\" \/><\/p>\n<p><img loading=\"lazy\" decoding=\"async\" class=\"aligncenter size-large wp-image-1163\" src=\"https:\/\/www.prepyr365.com\/blog\/wp-content\/uploads\/2020\/11\/79ae8392-212a-4f55-9108-d5fa5548e4ec-1024x683.jpg\" alt=\"\" width=\"640\" height=\"427\" srcset=\"https:\/\/www.prepyr365.com\/blog\/wp-content\/uploads\/2020\/11\/79ae8392-212a-4f55-9108-d5fa5548e4ec-1024x683.jpg 1024w, https:\/\/www.prepyr365.com\/blog\/wp-content\/uploads\/2020\/11\/79ae8392-212a-4f55-9108-d5fa5548e4ec-300x200.jpg 300w, https:\/\/www.prepyr365.com\/blog\/wp-content\/uploads\/2020\/11\/79ae8392-212a-4f55-9108-d5fa5548e4ec-768x512.jpg 768w, https:\/\/www.prepyr365.com\/blog\/wp-content\/uploads\/2020\/11\/79ae8392-212a-4f55-9108-d5fa5548e4ec.jpg 1600w\" sizes=\"auto, (max-width: 640px) 100vw, 640px\" \/><\/p>\n<ul>\n<li><span style=\"color: #ff9900;\"><strong>\u00bfQu\u00e9 aficiones tienes?<\/strong><\/span><\/li>\n<\/ul>\n<p>Sobre todo me encanta la <strong>bici<\/strong>. La idea de coger el albergue era precisamente para poder traer ciclistas a <strong>Naval<\/strong> y hacer rutas.<\/p>\n<p>&nbsp;<\/p>\n<ul>\n<li><span style=\"color: #ff9900;\"><strong>\u00bfQu\u00e9 actividades recomendar\u00edas cerca de tu negocio?<\/strong><\/span><\/li>\n<\/ul>\n<p>Adem\u00e1s de las rutas, que siempre son rutas de calidad, tenemos el <span style=\"color: #ff9900;\"><strong>Salinar<\/strong><\/span> que es \u00fanico en todo el <strong>Prepirineo<\/strong> y, por supuesto, <strong>Prepirineo Clandestino<\/strong> y los talleres de cer\u00e1mica, que tampoco hay en muchos sitios.<\/p>\n","protected":false},"excerpt":{"rendered":"<p>Desde hace alg\u00fan tiempo Ignacio Or\u00fas gestiona el albergue de Naval\u00a0(https:\/\/alberguesierradearbe.com\/) y adem\u00e1s est\u00e1 trabajando para desarrollar un proyecto que [&hellip;]<\/p>\n","protected":false},"author":2,"featured_media":1168,"comment_status":"closed","ping_status":"closed","sticky":false,"template":"","format":"standard","meta":{"footnotes":""},"categories":[55,15,27,13,48,57],"tags":[],"class_list":["post-1160","post","type-post","status-publish","format-standard","has-post-thumbnail","hentry","category-alojamiento","category-btt","category-ciclismo-carretera-touring-y-gravel","category-experiencias","category-naturaleza","category-servicios"],"acf":[],"yoast_head":"<!-- This site is optimized with the Yoast SEO plugin v19.3 - https:\/\/yoast.com\/wordpress\/plugins\/seo\/ -->\n<title>PREPIRENAICXS - ALBERGUE SIERRA DE ARBE - Prepyr<\/title>\n<meta name=\"robots\" content=\"index, follow, max-snippet:-1, max-image-preview:large, max-video-preview:-1\" \/>\n<link rel=\"canonical\" href=\"https:\/\/www.prepyr365.com\/blog\/prepirenaicxs-albergue-sierra-arbe\/\" \/>\n<meta property=\"og:locale\" content=\"es_ES\" \/>\n<meta property=\"og:type\" content=\"article\" \/>\n<meta property=\"og:title\" content=\"PREPIRENAICXS - ALBERGUE SIERRA DE ARBE - Prepyr\" \/>\n<meta property=\"og:description\" content=\"Desde hace alg\u00fan tiempo Ignacio Or\u00fas gestiona el albergue de Naval\u00a0(https:\/\/alberguesierradearbe.com\/) y adem\u00e1s est\u00e1 trabajando para desarrollar un proyecto que [&hellip;]\" \/>\n<meta property=\"og:url\" content=\"https:\/\/www.prepyr365.com\/blog\/prepirenaicxs-albergue-sierra-arbe\/\" \/>\n<meta property=\"og:site_name\" content=\"Prepyr\" \/>\n<meta property=\"article:published_time\" content=\"2020-11-23T19:35:13+00:00\" \/>\n<meta property=\"article:modified_time\" content=\"2020-11-23T19:35:32+00:00\" \/>\n<meta property=\"og:image\" content=\"https:\/\/www.prepyr365.com\/blog\/wp-content\/uploads\/2020\/11\/Captura-de-pantalla-2020-11-23-a-las-20.28.22.png\" \/>\n\t<meta property=\"og:image:width\" content=\"809\" \/>\n\t<meta property=\"og:image:height\" content=\"485\" \/>\n\t<meta property=\"og:image:type\" content=\"image\/png\" \/>\n<meta name=\"author\" content=\"Prepyr365\" \/>\n<meta name=\"twitter:card\" content=\"summary\" \/>\n<meta name=\"twitter:creator\" content=\"@root\" \/>\n<meta name=\"twitter:label1\" content=\"Escrito por\" \/>\n\t<meta name=\"twitter:data1\" content=\"Prepyr365\" \/>\n\t<meta name=\"twitter:label2\" content=\"Tiempo de lectura\" \/>\n\t<meta name=\"twitter:data2\" content=\"3 minutos\" \/>\n<script type=\"application\/ld+json\" class=\"yoast-schema-graph\">{\"@context\":\"https:\/\/schema.org\",\"@graph\":[{\"@type\":\"WebSite\",\"@id\":\"https:\/\/www.prepyr365.com\/blog\/#website\",\"url\":\"https:\/\/www.prepyr365.com\/blog\/\",\"name\":\"Prepyr\",\"description\":\"\",\"potentialAction\":[{\"@type\":\"SearchAction\",\"target\":{\"@type\":\"EntryPoint\",\"urlTemplate\":\"https:\/\/www.prepyr365.com\/blog\/?s={search_term_string}\"},\"query-input\":\"required name=search_term_string\"}],\"inLanguage\":\"es\"},{\"@type\":\"ImageObject\",\"inLanguage\":\"es\",\"@id\":\"https:\/\/www.prepyr365.com\/blog\/prepirenaicxs-albergue-sierra-arbe\/#primaryimage\",\"url\":\"https:\/\/www.prepyr365.com\/blog\/wp-content\/uploads\/2020\/11\/Captura-de-pantalla-2020-11-23-a-las-20.28.22.png\",\"contentUrl\":\"https:\/\/www.prepyr365.com\/blog\/wp-content\/uploads\/2020\/11\/Captura-de-pantalla-2020-11-23-a-las-20.28.22.png\",\"width\":809,\"height\":485},{\"@type\":\"WebPage\",\"@id\":\"https:\/\/www.prepyr365.com\/blog\/prepirenaicxs-albergue-sierra-arbe\/\",\"url\":\"https:\/\/www.prepyr365.com\/blog\/prepirenaicxs-albergue-sierra-arbe\/\",\"name\":\"PREPIRENAICXS - ALBERGUE SIERRA DE ARBE - Prepyr\",\"isPartOf\":{\"@id\":\"https:\/\/www.prepyr365.com\/blog\/#website\"},\"primaryImageOfPage\":{\"@id\":\"https:\/\/www.prepyr365.com\/blog\/prepirenaicxs-albergue-sierra-arbe\/#primaryimage\"},\"datePublished\":\"2020-11-23T19:35:13+00:00\",\"dateModified\":\"2020-11-23T19:35:32+00:00\",\"author\":{\"@id\":\"https:\/\/www.prepyr365.com\/blog\/#\/schema\/person\/2783d85ac982d6b95a73d910e0c243b7\"},\"breadcrumb\":{\"@id\":\"https:\/\/www.prepyr365.com\/blog\/prepirenaicxs-albergue-sierra-arbe\/#breadcrumb\"},\"inLanguage\":\"es\",\"potentialAction\":[{\"@type\":\"ReadAction\",\"target\":[\"https:\/\/www.prepyr365.com\/blog\/prepirenaicxs-albergue-sierra-arbe\/\"]}]},{\"@type\":\"BreadcrumbList\",\"@id\":\"https:\/\/www.prepyr365.com\/blog\/prepirenaicxs-albergue-sierra-arbe\/#breadcrumb\",\"itemListElement\":[{\"@type\":\"ListItem\",\"position\":1,\"name\":\"Portada\",\"item\":\"https:\/\/www.prepyr365.com\/blog\/\"},{\"@type\":\"ListItem\",\"position\":2,\"name\":\"PREPIRENAICXS - ALBERGUE SIERRA DE ARBE\"}]},{\"@type\":\"Person\",\"@id\":\"https:\/\/www.prepyr365.com\/blog\/#\/schema\/person\/2783d85ac982d6b95a73d910e0c243b7\",\"name\":\"Prepyr365\",\"sameAs\":[\"https:\/\/twitter.com\/root\"],\"url\":\"https:\/\/www.prepyr365.com\/blog\/author\/prepyr365\/\"}]}<\/script>\n<!-- \/ Yoast SEO plugin. -->","yoast_head_json":{"title":"PREPIRENAICXS - ALBERGUE SIERRA DE ARBE - Prepyr","robots":{"index":"index","follow":"follow","max-snippet":"max-snippet:-1","max-image-preview":"max-image-preview:large","max-video-preview":"max-video-preview:-1"},"canonical":"https:\/\/www.prepyr365.com\/blog\/prepirenaicxs-albergue-sierra-arbe\/","og_locale":"es_ES","og_type":"article","og_title":"PREPIRENAICXS - ALBERGUE SIERRA DE ARBE - Prepyr","og_description":"Desde hace alg\u00fan tiempo Ignacio Or\u00fas gestiona el albergue de Naval\u00a0(https:\/\/alberguesierradearbe.com\/) y adem\u00e1s est\u00e1 trabajando para desarrollar un proyecto que [&hellip;]","og_url":"https:\/\/www.prepyr365.com\/blog\/prepirenaicxs-albergue-sierra-arbe\/","og_site_name":"Prepyr","article_published_time":"2020-11-23T19:35:13+00:00","article_modified_time":"2020-11-23T19:35:32+00:00","og_image":[{"width":809,"height":485,"url":"https:\/\/www.prepyr365.com\/blog\/wp-content\/uploads\/2020\/11\/Captura-de-pantalla-2020-11-23-a-las-20.28.22.png","type":"image\/png"}],"author":"Prepyr365","twitter_card":"summary","twitter_creator":"@root","twitter_misc":{"Escrito por":"Prepyr365","Tiempo de lectura":"3 minutos"},"schema":{"@context":"https:\/\/schema.org","@graph":[{"@type":"WebSite","@id":"https:\/\/www.prepyr365.com\/blog\/#website","url":"https:\/\/www.prepyr365.com\/blog\/","name":"Prepyr","description":"","potentialAction":[{"@type":"SearchAction","target":{"@type":"EntryPoint","urlTemplate":"https:\/\/www.prepyr365.com\/blog\/?s={search_term_string}"},"query-input":"required name=search_term_string"}],"inLanguage":"es"},{"@type":"ImageObject","inLanguage":"es","@id":"https:\/\/www.prepyr365.com\/blog\/prepirenaicxs-albergue-sierra-arbe\/#primaryimage","url":"https:\/\/www.prepyr365.com\/blog\/wp-content\/uploads\/2020\/11\/Captura-de-pantalla-2020-11-23-a-las-20.28.22.png","contentUrl":"https:\/\/www.prepyr365.com\/blog\/wp-content\/uploads\/2020\/11\/Captura-de-pantalla-2020-11-23-a-las-20.28.22.png","width":809,"height":485},{"@type":"WebPage","@id":"https:\/\/www.prepyr365.com\/blog\/prepirenaicxs-albergue-sierra-arbe\/","url":"https:\/\/www.prepyr365.com\/blog\/prepirenaicxs-albergue-sierra-arbe\/","name":"PREPIRENAICXS - ALBERGUE SIERRA DE ARBE - Prepyr","isPartOf":{"@id":"https:\/\/www.prepyr365.com\/blog\/#website"},"primaryImageOfPage":{"@id":"https:\/\/www.prepyr365.com\/blog\/prepirenaicxs-albergue-sierra-arbe\/#primaryimage"},"datePublished":"2020-11-23T19:35:13+00:00","dateModified":"2020-11-23T19:35:32+00:00","author":{"@id":"https:\/\/www.prepyr365.com\/blog\/#\/schema\/person\/2783d85ac982d6b95a73d910e0c243b7"},"breadcrumb":{"@id":"https:\/\/www.prepyr365.com\/blog\/prepirenaicxs-albergue-sierra-arbe\/#breadcrumb"},"inLanguage":"es","potentialAction":[{"@type":"ReadAction","target":["https:\/\/www.prepyr365.com\/blog\/prepirenaicxs-albergue-sierra-arbe\/"]}]},{"@type":"BreadcrumbList","@id":"https:\/\/www.prepyr365.com\/blog\/prepirenaicxs-albergue-sierra-arbe\/#breadcrumb","itemListElement":[{"@type":"ListItem","position":1,"name":"Portada","item":"https:\/\/www.prepyr365.com\/blog\/"},{"@type":"ListItem","position":2,"name":"PREPIRENAICXS - ALBERGUE SIERRA DE ARBE"}]},{"@type":"Person","@id":"https:\/\/www.prepyr365.com\/blog\/#\/schema\/person\/2783d85ac982d6b95a73d910e0c243b7","name":"Prepyr365","sameAs":["https:\/\/twitter.com\/root"],"url":"https:\/\/www.prepyr365.com\/blog\/author\/prepyr365\/"}]}},"_links":{"self":[{"href":"https:\/\/www.prepyr365.com\/blog\/wp-json\/wp\/v2\/posts\/1160","targetHints":{"allow":["GET"]}}],"collection":[{"href":"https:\/\/www.prepyr365.com\/blog\/wp-json\/wp\/v2\/posts"}],"about":[{"href":"https:\/\/www.prepyr365.com\/blog\/wp-json\/wp\/v2\/types\/post"}],"author":[{"embeddable":true,"href":"https:\/\/www.prepyr365.com\/blog\/wp-json\/wp\/v2\/users\/2"}],"replies":[{"embeddable":true,"href":"https:\/\/www.prepyr365.com\/blog\/wp-json\/wp\/v2\/comments?post=1160"}],"version-history":[{"count":2,"href":"https:\/\/www.prepyr365.com\/blog\/wp-json\/wp\/v2\/posts\/1160\/revisions"}],"predecessor-version":[{"id":1170,"href":"https:\/\/www.prepyr365.com\/blog\/wp-json\/wp\/v2\/posts\/1160\/revisions\/1170"}],"wp:featuredmedia":[{"embeddable":true,"href":"https:\/\/www.prepyr365.com\/blog\/wp-json\/wp\/v2\/media\/1168"}],"wp:attachment":[{"href":"https:\/\/www.prepyr365.com\/blog\/wp-json\/wp\/v2\/media?parent=1160"}],"wp:term":[{"taxonomy":"category","embeddable":true,"href":"https:\/\/www.prepyr365.com\/blog\/wp-json\/wp\/v2\/categories?post=1160"},{"taxonomy":"post_tag","embeddable":true,"href":"https:\/\/www.prepyr365.com\/blog\/wp-json\/wp\/v2\/tags?post=1160"}],"curies":[{"name":"wp","href":"https:\/\/api.w.org\/{rel}","templated":true}]}}