{"id":468,"date":"2018-07-05T09:35:09","date_gmt":"2018-07-05T09:35:09","guid":{"rendered":"http:\/\/prepyr365.com\/blog\/?p=468"},"modified":"2018-07-05T11:16:54","modified_gmt":"2018-07-05T11:16:54","slug":"nueva-etapa-prepyr-slow-medieval-grado-alquezar-bierge","status":"publish","type":"post","link":"https:\/\/www.prepyr365.com\/blog\/nueva-etapa-prepyr-slow-medieval-grado-alquezar-bierge\/","title":{"rendered":"Nueva etapa Prepyr Slow Medieval: El Grado-Alqu\u00e9zar\/ Bierge"},"content":{"rendered":"<p>Se ampl\u00eda la gran traves\u00eda medieval por el Prepirineo, Prepyr Slow Medieval. Una nueva etapa con salida en el municipio de El Grado, que se adentra por el Somontano m\u00e1s rural y aut\u00e9ntico de la comarca del Somontano de Barbastro. Esta nueva etapa 0 visita el pueblo de El Grado, el despoblado de Rosico y el pueblo de Naval y sus famosas salinas, hoy convertidas en un centro de ocio y piscina natural. Desde Naval la etapa ofrece dos variantes, una pasando por el pueblo de Suelves y Colungo hasta llegar a Buera y otra (variante 1) por Salinas de Hoz y Salas Altas.<\/p>\n<p><img loading=\"lazy\" decoding=\"async\" class=\"aligncenter size-large wp-image-472\" src=\"http:\/\/prepyr365.com\/blog\/wp-content\/uploads\/2018\/07\/IMG_0534-1024x768.jpg\" alt=\"\" width=\"640\" height=\"480\" srcset=\"https:\/\/www.prepyr365.com\/blog\/wp-content\/uploads\/2018\/07\/IMG_0534.jpg 1024w, https:\/\/www.prepyr365.com\/blog\/wp-content\/uploads\/2018\/07\/IMG_0534-300x225.jpg 300w, https:\/\/www.prepyr365.com\/blog\/wp-content\/uploads\/2018\/07\/IMG_0534-768x576.jpg 768w\" sizes=\"auto, (max-width: 640px) 100vw, 640px\" \/><\/p>\n<p>El track base por Suelves y Colungo se desarrolla por pistas y pistas asfaltadas en buen estado. Es una opci\u00f3n un poco m\u00e1s exigente f\u00edsicamente, pero ideal para viajeros con alforjas o amantes de las rutas gravel. Las vistas panor\u00e1micas desde Naval hasta Campo Royo son constantes y de gran calidad. Tras pasar Colungo, visita el Santuario de la Nuestra Se\u00f1ora de Dulcis y de aqu\u00ed continua hasta Buera.<\/p>\n<p><img loading=\"lazy\" decoding=\"async\" class=\"aligncenter size-large wp-image-473\" src=\"http:\/\/prepyr365.com\/blog\/wp-content\/uploads\/2018\/07\/IMG_20180610_132334-1024x575.jpg\" alt=\"\" width=\"640\" height=\"359\" srcset=\"https:\/\/www.prepyr365.com\/blog\/wp-content\/uploads\/2018\/07\/IMG_20180610_132334.jpg 1024w, https:\/\/www.prepyr365.com\/blog\/wp-content\/uploads\/2018\/07\/IMG_20180610_132334-300x168.jpg 300w, https:\/\/www.prepyr365.com\/blog\/wp-content\/uploads\/2018\/07\/IMG_20180610_132334-768x431.jpg 768w\" sizes=\"auto, (max-width: 640px) 100vw, 640px\" \/><\/p>\n<p>El track variante 1 parte de Naval, atraviesa sus salinas y asciende hacia Salinas de Hoz, donde podemos comer en el Hotel La Sal. Desde all\u00ed un bello recorrido por campos e incluso alg\u00fan tramo de sendero hasta llegar a Salas Altas. Una c\u00f3moda ascensi\u00f3n por pista asfaltada nos conduce a la ermita de la Candelera, uno de los mejores miradores del Somontano de Barbastro. Se contin\u00faa cresteando para luego bajar a Buera.<\/p>\n<p><img loading=\"lazy\" decoding=\"async\" class=\"aligncenter size-large wp-image-474\" src=\"http:\/\/prepyr365.com\/blog\/wp-content\/uploads\/2018\/07\/IMG_0554-1024x768.jpg\" alt=\"\" width=\"640\" height=\"480\" srcset=\"https:\/\/www.prepyr365.com\/blog\/wp-content\/uploads\/2018\/07\/IMG_0554.jpg 1024w, https:\/\/www.prepyr365.com\/blog\/wp-content\/uploads\/2018\/07\/IMG_0554-300x225.jpg 300w, https:\/\/www.prepyr365.com\/blog\/wp-content\/uploads\/2018\/07\/IMG_0554-768x576.jpg 768w\" sizes=\"auto, (max-width: 640px) 100vw, 640px\" \/><\/p>\n<p>En Buera los dos recorridos se dirigen hacia Alqu\u00e9zar y antes de la subida final a esta villa monumental, habr\u00e1 que decidir si pasar noche en Alqu\u00e9zar o continuar 11 km m\u00e1s hasta Bierge que es donde comienza la siguiente etapa.<\/p>\n<p>En definitiva otra etapa de gran calidad para amantes viajeros de los paisajes y pueblos aut\u00e9nticos. Otra etapa slow, para realizar sin prisas, disfrutando de cada momento y de cada rinc\u00f3n. Disfrutando de un gran viaje por el Prepirineo aragon\u00e9s.<\/p>\n<p>Toda la informaci\u00f3n de esta etapa y de la traves\u00eda se puede consultar en la web en el apartado Bike\/ Prepyr Slow Medieval o haciendo click <a href=\"http:\/\/www.prepyr365.com\/es\/ruta\/prepirenaica-slow-medieval\/3.html\">AQU\u00cd<\/a><\/p>\n<p><img loading=\"lazy\" decoding=\"async\" class=\"aligncenter size-large wp-image-475\" src=\"http:\/\/prepyr365.com\/blog\/wp-content\/uploads\/2018\/07\/IMG_0583-1024x768.jpg\" alt=\"\" width=\"640\" height=\"480\" srcset=\"https:\/\/www.prepyr365.com\/blog\/wp-content\/uploads\/2018\/07\/IMG_0583.jpg 1024w, https:\/\/www.prepyr365.com\/blog\/wp-content\/uploads\/2018\/07\/IMG_0583-300x225.jpg 300w, https:\/\/www.prepyr365.com\/blog\/wp-content\/uploads\/2018\/07\/IMG_0583-768x576.jpg 768w\" sizes=\"auto, (max-width: 640px) 100vw, 640px\" \/><\/p>\n","protected":false},"excerpt":{"rendered":"<p>Se ampl\u00eda la gran traves\u00eda medieval por el Prepirineo, Prepyr Slow Medieval. Una nueva etapa con salida en el municipio [&hellip;]<\/p>\n","protected":false},"author":2,"featured_media":469,"comment_status":"closed","ping_status":"closed","sticky":false,"template":"","format":"standard","meta":{"footnotes":""},"categories":[15],"tags":[],"class_list":["post-468","post","type-post","status-publish","format-standard","has-post-thumbnail","hentry","category-btt"],"acf":[],"yoast_head":"<!-- This site is optimized with the Yoast SEO plugin v19.3 - https:\/\/yoast.com\/wordpress\/plugins\/seo\/ -->\n<title>Nueva etapa Prepyr Slow Medieval: El Grado-Alqu\u00e9zar\/ Bierge - Prepyr<\/title>\n<meta name=\"robots\" content=\"index, follow, max-snippet:-1, max-image-preview:large, max-video-preview:-1\" \/>\n<link rel=\"canonical\" href=\"https:\/\/www.prepyr365.com\/blog\/nueva-etapa-prepyr-slow-medieval-grado-alquezar-bierge\/\" \/>\n<meta property=\"og:locale\" content=\"es_ES\" \/>\n<meta property=\"og:type\" content=\"article\" \/>\n<meta property=\"og:title\" content=\"Nueva etapa Prepyr Slow Medieval: El Grado-Alqu\u00e9zar\/ Bierge - Prepyr\" \/>\n<meta property=\"og:description\" content=\"Se ampl\u00eda la gran traves\u00eda medieval por el Prepirineo, Prepyr Slow Medieval. Una nueva etapa con salida en el municipio [&hellip;]\" \/>\n<meta property=\"og:url\" content=\"https:\/\/www.prepyr365.com\/blog\/nueva-etapa-prepyr-slow-medieval-grado-alquezar-bierge\/\" \/>\n<meta property=\"og:site_name\" content=\"Prepyr\" \/>\n<meta property=\"article:published_time\" content=\"2018-07-05T09:35:09+00:00\" \/>\n<meta property=\"article:modified_time\" content=\"2018-07-05T11:16:54+00:00\" \/>\n<meta property=\"og:image\" content=\"https:\/\/www.prepyr365.com\/blog\/wp-content\/uploads\/2018\/07\/IMG_0540.jpg\" \/>\n\t<meta property=\"og:image:width\" content=\"1024\" \/>\n\t<meta property=\"og:image:height\" content=\"768\" \/>\n\t<meta property=\"og:image:type\" content=\"image\/jpeg\" \/>\n<meta name=\"author\" content=\"Prepyr365\" \/>\n<meta name=\"twitter:card\" content=\"summary\" \/>\n<meta name=\"twitter:creator\" content=\"@root\" \/>\n<meta name=\"twitter:label1\" content=\"Escrito por\" \/>\n\t<meta name=\"twitter:data1\" content=\"Prepyr365\" \/>\n\t<meta name=\"twitter:label2\" content=\"Tiempo de lectura\" \/>\n\t<meta name=\"twitter:data2\" content=\"2 minutos\" \/>\n<script type=\"application\/ld+json\" class=\"yoast-schema-graph\">{\"@context\":\"https:\/\/schema.org\",\"@graph\":[{\"@type\":\"WebSite\",\"@id\":\"https:\/\/www.prepyr365.com\/blog\/#website\",\"url\":\"https:\/\/www.prepyr365.com\/blog\/\",\"name\":\"Prepyr\",\"description\":\"\",\"potentialAction\":[{\"@type\":\"SearchAction\",\"target\":{\"@type\":\"EntryPoint\",\"urlTemplate\":\"https:\/\/www.prepyr365.com\/blog\/?s={search_term_string}\"},\"query-input\":\"required name=search_term_string\"}],\"inLanguage\":\"es\"},{\"@type\":\"ImageObject\",\"inLanguage\":\"es\",\"@id\":\"https:\/\/www.prepyr365.com\/blog\/nueva-etapa-prepyr-slow-medieval-grado-alquezar-bierge\/#primaryimage\",\"url\":\"https:\/\/www.prepyr365.com\/blog\/wp-content\/uploads\/2018\/07\/IMG_0540.jpg\",\"contentUrl\":\"https:\/\/www.prepyr365.com\/blog\/wp-content\/uploads\/2018\/07\/IMG_0540.jpg\",\"width\":1024,\"height\":768},{\"@type\":\"WebPage\",\"@id\":\"https:\/\/www.prepyr365.com\/blog\/nueva-etapa-prepyr-slow-medieval-grado-alquezar-bierge\/\",\"url\":\"https:\/\/www.prepyr365.com\/blog\/nueva-etapa-prepyr-slow-medieval-grado-alquezar-bierge\/\",\"name\":\"Nueva etapa Prepyr Slow Medieval: El Grado-Alqu\u00e9zar\/ Bierge - Prepyr\",\"isPartOf\":{\"@id\":\"https:\/\/www.prepyr365.com\/blog\/#website\"},\"primaryImageOfPage\":{\"@id\":\"https:\/\/www.prepyr365.com\/blog\/nueva-etapa-prepyr-slow-medieval-grado-alquezar-bierge\/#primaryimage\"},\"datePublished\":\"2018-07-05T09:35:09+00:00\",\"dateModified\":\"2018-07-05T11:16:54+00:00\",\"author\":{\"@id\":\"https:\/\/www.prepyr365.com\/blog\/#\/schema\/person\/2783d85ac982d6b95a73d910e0c243b7\"},\"breadcrumb\":{\"@id\":\"https:\/\/www.prepyr365.com\/blog\/nueva-etapa-prepyr-slow-medieval-grado-alquezar-bierge\/#breadcrumb\"},\"inLanguage\":\"es\",\"potentialAction\":[{\"@type\":\"ReadAction\",\"target\":[\"https:\/\/www.prepyr365.com\/blog\/nueva-etapa-prepyr-slow-medieval-grado-alquezar-bierge\/\"]}]},{\"@type\":\"BreadcrumbList\",\"@id\":\"https:\/\/www.prepyr365.com\/blog\/nueva-etapa-prepyr-slow-medieval-grado-alquezar-bierge\/#breadcrumb\",\"itemListElement\":[{\"@type\":\"ListItem\",\"position\":1,\"name\":\"Portada\",\"item\":\"https:\/\/www.prepyr365.com\/blog\/\"},{\"@type\":\"ListItem\",\"position\":2,\"name\":\"Nueva etapa Prepyr Slow Medieval: El Grado-Alqu\u00e9zar\/ Bierge\"}]},{\"@type\":\"Person\",\"@id\":\"https:\/\/www.prepyr365.com\/blog\/#\/schema\/person\/2783d85ac982d6b95a73d910e0c243b7\",\"name\":\"Prepyr365\",\"sameAs\":[\"https:\/\/twitter.com\/root\"],\"url\":\"https:\/\/www.prepyr365.com\/blog\/author\/prepyr365\/\"}]}<\/script>\n<!-- \/ Yoast SEO plugin. -->","yoast_head_json":{"title":"Nueva etapa Prepyr Slow Medieval: El Grado-Alqu\u00e9zar\/ Bierge - Prepyr","robots":{"index":"index","follow":"follow","max-snippet":"max-snippet:-1","max-image-preview":"max-image-preview:large","max-video-preview":"max-video-preview:-1"},"canonical":"https:\/\/www.prepyr365.com\/blog\/nueva-etapa-prepyr-slow-medieval-grado-alquezar-bierge\/","og_locale":"es_ES","og_type":"article","og_title":"Nueva etapa Prepyr Slow Medieval: El Grado-Alqu\u00e9zar\/ Bierge - Prepyr","og_description":"Se ampl\u00eda la gran traves\u00eda medieval por el Prepirineo, Prepyr Slow Medieval. Una nueva etapa con salida en el municipio [&hellip;]","og_url":"https:\/\/www.prepyr365.com\/blog\/nueva-etapa-prepyr-slow-medieval-grado-alquezar-bierge\/","og_site_name":"Prepyr","article_published_time":"2018-07-05T09:35:09+00:00","article_modified_time":"2018-07-05T11:16:54+00:00","og_image":[{"width":1024,"height":768,"url":"https:\/\/www.prepyr365.com\/blog\/wp-content\/uploads\/2018\/07\/IMG_0540.jpg","type":"image\/jpeg"}],"author":"Prepyr365","twitter_card":"summary","twitter_creator":"@root","twitter_misc":{"Escrito por":"Prepyr365","Tiempo de lectura":"2 minutos"},"schema":{"@context":"https:\/\/schema.org","@graph":[{"@type":"WebSite","@id":"https:\/\/www.prepyr365.com\/blog\/#website","url":"https:\/\/www.prepyr365.com\/blog\/","name":"Prepyr","description":"","potentialAction":[{"@type":"SearchAction","target":{"@type":"EntryPoint","urlTemplate":"https:\/\/www.prepyr365.com\/blog\/?s={search_term_string}"},"query-input":"required name=search_term_string"}],"inLanguage":"es"},{"@type":"ImageObject","inLanguage":"es","@id":"https:\/\/www.prepyr365.com\/blog\/nueva-etapa-prepyr-slow-medieval-grado-alquezar-bierge\/#primaryimage","url":"https:\/\/www.prepyr365.com\/blog\/wp-content\/uploads\/2018\/07\/IMG_0540.jpg","contentUrl":"https:\/\/www.prepyr365.com\/blog\/wp-content\/uploads\/2018\/07\/IMG_0540.jpg","width":1024,"height":768},{"@type":"WebPage","@id":"https:\/\/www.prepyr365.com\/blog\/nueva-etapa-prepyr-slow-medieval-grado-alquezar-bierge\/","url":"https:\/\/www.prepyr365.com\/blog\/nueva-etapa-prepyr-slow-medieval-grado-alquezar-bierge\/","name":"Nueva etapa Prepyr Slow Medieval: El Grado-Alqu\u00e9zar\/ Bierge - Prepyr","isPartOf":{"@id":"https:\/\/www.prepyr365.com\/blog\/#website"},"primaryImageOfPage":{"@id":"https:\/\/www.prepyr365.com\/blog\/nueva-etapa-prepyr-slow-medieval-grado-alquezar-bierge\/#primaryimage"},"datePublished":"2018-07-05T09:35:09+00:00","dateModified":"2018-07-05T11:16:54+00:00","author":{"@id":"https:\/\/www.prepyr365.com\/blog\/#\/schema\/person\/2783d85ac982d6b95a73d910e0c243b7"},"breadcrumb":{"@id":"https:\/\/www.prepyr365.com\/blog\/nueva-etapa-prepyr-slow-medieval-grado-alquezar-bierge\/#breadcrumb"},"inLanguage":"es","potentialAction":[{"@type":"ReadAction","target":["https:\/\/www.prepyr365.com\/blog\/nueva-etapa-prepyr-slow-medieval-grado-alquezar-bierge\/"]}]},{"@type":"BreadcrumbList","@id":"https:\/\/www.prepyr365.com\/blog\/nueva-etapa-prepyr-slow-medieval-grado-alquezar-bierge\/#breadcrumb","itemListElement":[{"@type":"ListItem","position":1,"name":"Portada","item":"https:\/\/www.prepyr365.com\/blog\/"},{"@type":"ListItem","position":2,"name":"Nueva etapa Prepyr Slow Medieval: El Grado-Alqu\u00e9zar\/ Bierge"}]},{"@type":"Person","@id":"https:\/\/www.prepyr365.com\/blog\/#\/schema\/person\/2783d85ac982d6b95a73d910e0c243b7","name":"Prepyr365","sameAs":["https:\/\/twitter.com\/root"],"url":"https:\/\/www.prepyr365.com\/blog\/author\/prepyr365\/"}]}},"_links":{"self":[{"href":"https:\/\/www.prepyr365.com\/blog\/wp-json\/wp\/v2\/posts\/468","targetHints":{"allow":["GET"]}}],"collection":[{"href":"https:\/\/www.prepyr365.com\/blog\/wp-json\/wp\/v2\/posts"}],"about":[{"href":"https:\/\/www.prepyr365.com\/blog\/wp-json\/wp\/v2\/types\/post"}],"author":[{"embeddable":true,"href":"https:\/\/www.prepyr365.com\/blog\/wp-json\/wp\/v2\/users\/2"}],"replies":[{"embeddable":true,"href":"https:\/\/www.prepyr365.com\/blog\/wp-json\/wp\/v2\/comments?post=468"}],"version-history":[{"count":4,"href":"https:\/\/www.prepyr365.com\/blog\/wp-json\/wp\/v2\/posts\/468\/revisions"}],"predecessor-version":[{"id":477,"href":"https:\/\/www.prepyr365.com\/blog\/wp-json\/wp\/v2\/posts\/468\/revisions\/477"}],"wp:featuredmedia":[{"embeddable":true,"href":"https:\/\/www.prepyr365.com\/blog\/wp-json\/wp\/v2\/media\/469"}],"wp:attachment":[{"href":"https:\/\/www.prepyr365.com\/blog\/wp-json\/wp\/v2\/media?parent=468"}],"wp:term":[{"taxonomy":"category","embeddable":true,"href":"https:\/\/www.prepyr365.com\/blog\/wp-json\/wp\/v2\/categories?post=468"},{"taxonomy":"post_tag","embeddable":true,"href":"https:\/\/www.prepyr365.com\/blog\/wp-json\/wp\/v2\/tags?post=468"}],"curies":[{"name":"wp","href":"https:\/\/api.w.org\/{rel}","templated":true}]}}