{"id":992,"date":"2020-06-04T18:13:48","date_gmt":"2020-06-04T16:13:48","guid":{"rendered":"https:\/\/www.prepyr365.com\/blog\/?p=992"},"modified":"2020-06-05T09:04:51","modified_gmt":"2020-06-05T07:04:51","slug":"prepirenaicxs-javier-garcia-presidente-prepyr365","status":"publish","type":"post","link":"https:\/\/www.prepyr365.com\/blog\/prepirenaicxs-javier-garcia-presidente-prepyr365\/","title":{"rendered":"PREPIRENAICXS - Javier Garc\u00eda, presidente de Prepyr365"},"content":{"rendered":"<p>Lleva al frente de <strong>Prepyr365<\/strong> desde el nacimiento de la Asociaci\u00f3n hace ya cinco a\u00f1os y es uno de los #Prepirenaicxs que con m\u00e1s pasi\u00f3n habla de este territorio. Javier Garc\u00eda es el presidente de Prepyr365, pero es tambi\u00e9n uno de los empresarios que forma esta gran familia con su empresa<a href=\"https:\/\/insolitoproyectos.com\/\"> Ins\u00f3lito. Ideas, proyectos y monta\u00f1as<\/a>, con la que desarrolla\u00a0proyectos de activaci\u00f3n de destinos tur\u00edsticos, especialmente de turismo activo o deportivo.<\/p>\n<p>&nbsp;<\/p>\n<ul>\n<li><span style=\"color: #ff9900;\"><strong>\u00bf C\u00f3mo naci\u00f3 el proyecto Prepyr?<\/strong><\/span><\/li>\n<\/ul>\n<p>El proyecto naci\u00f3 con una propuesta a las tres comarcas (<strong>Cinco Villas, Hoya de Huesca y Somontano de Barbastro<\/strong>) de crear una gran traves\u00eda de bicicleta que cruzara el <strong>Prepirineo<\/strong> y crear as\u00ed un producto tur\u00edstico que se pudiera comercializar y atraer turistas nacionales e internacionales al territorio. La iniciativa funcion\u00f3 bien y tuvo un notable \u00e9xito. Despu\u00e9s de eso reflexionamos sobre por qu\u00e9 no pod\u00edamos ampliar la marca <strong>Prepyr365<\/strong> al todo el territorio del <strong>Prepirineo<\/strong> aragon\u00e9s y crear un <strong>destino tur\u00edstico de naturaleza, cultura y aventura<\/strong> con propuestas de rutas, experiencias y actividades. Y ahora aqu\u00ed estamos, somos un destino emergente, pionero en muchas cosas y del que todos los que formamos parte nos podemos sentir muy orgullosos de haber conseguido que el <strong>Prepirineo<\/strong> sea un destino reconocible.<\/p>\n<p>&nbsp;<\/p>\n<div id=\"attachment_993\" style=\"width: 650px\" class=\"wp-caption alignnone\"><img loading=\"lazy\" decoding=\"async\" aria-describedby=\"caption-attachment-993\" class=\"size-large wp-image-993\" src=\"https:\/\/www.prepyr365.com\/blog\/wp-content\/uploads\/2020\/06\/TransNomad_-5-1024x683.jpg\" alt=\"\" width=\"640\" height=\"427\" srcset=\"https:\/\/www.prepyr365.com\/blog\/wp-content\/uploads\/2020\/06\/TransNomad_-5-1024x683.jpg 1024w, https:\/\/www.prepyr365.com\/blog\/wp-content\/uploads\/2020\/06\/TransNomad_-5-300x200.jpg 300w, https:\/\/www.prepyr365.com\/blog\/wp-content\/uploads\/2020\/06\/TransNomad_-5-768x512.jpg 768w\" sizes=\"auto, (max-width: 640px) 100vw, 640px\" \/><p id=\"caption-attachment-993\" class=\"wp-caption-text\">Javier Garc\u00eda, presidente de Prepyr365<\/p><\/div>\n<p>&nbsp;<\/p>\n<ul>\n<li><span style=\"color: #ff9900;\"><strong>\u00bf Cu\u00e1l es tu papel en Prepyr?<\/strong><\/span><\/li>\n<\/ul>\n<p>Estoy como presidente de la asociaci\u00f3n y me dedico a coordinar las acciones y proyectos con comarcas y con la Junta Directiva de <span style=\"color: #ff9900;\"><strong>Prepyr365<\/strong><\/span>. \u00a0Desarrollo las memorias para subvenciones, gesti\u00f3n del presupuesto, plan anual de gesti\u00f3n econ\u00f3mica, nuevos proyectos, b\u00fasqueda de financiaci\u00f3n, reuniones (\u00a1muchas reuniones!) \u00a0y hago de representante de la asociaci\u00f3n. Estoy entretenido, la verdad, pero sin el equipo de la Junta y de las t\u00e9cnicos de las comarcas, esto ser\u00eda imposible.<\/p>\n<p>&nbsp;<\/p>\n<ul>\n<li><span style=\"color: #ff9900;\"><strong>\u00bf Qu\u00e9 es lo que m\u00e1s destacar\u00edas del proyecto \u00a0Prepyr365 en estos cinco a\u00f1os?<\/strong><\/span><\/li>\n<\/ul>\n<p>Para m\u00ed lo m\u00e1s importante es que somos un proyecto pionero a nivel nacional de colaboraci\u00f3n p\u00fablico-privada real y sostenible. No ha sido una colaboraci\u00f3n puntual. Es un trabajo diario con las t\u00e9cnicos de las comarcas de <strong>Hoya de Huesca<\/strong>, <strong>Cinco Villas<\/strong> y <strong>Guara Somontano<\/strong> junto con la <strong>Asociaci\u00f3n Prepyr365<\/strong>, donde debatimos, planificamos, desarrollamos proyectos.\u00a0 Por supuesto, esto no seria posible sin esos 65 empresarios que apoyan el proyecto, que luchan por mejorar su territorio, por ser m\u00e1s competitivos y que gestionan negocios con gran calidad y profesionalidad, a pesar de vivir en un medio rural despoblado y, muchas veces, olvidado. Con comunicaciones deficientes, tanto de accesos como de telecomunicaciones, pero siendo embajadores de su territorio. Luchando por \u00e9l y por mantener la vida en los pueblos.<\/p>\n<p>&nbsp;<\/p>\n<p><img loading=\"lazy\" decoding=\"async\" class=\"size-full wp-image-1000 alignnone\" src=\"https:\/\/www.prepyr365.com\/blog\/wp-content\/uploads\/2020\/06\/Captura-de-pantalla-2020-06-04-a-las-18.23.29.png\" alt=\"\" width=\"614\" height=\"480\" srcset=\"https:\/\/www.prepyr365.com\/blog\/wp-content\/uploads\/2020\/06\/Captura-de-pantalla-2020-06-04-a-las-18.23.29.png 614w, https:\/\/www.prepyr365.com\/blog\/wp-content\/uploads\/2020\/06\/Captura-de-pantalla-2020-06-04-a-las-18.23.29-300x235.png 300w\" sizes=\"auto, (max-width: 614px) 100vw, 614px\" \/><\/p>\n<p>&nbsp;<\/p>\n<p>Cuando trabajamos unidos, somos capaces de cosas incre\u00edbles. Hemos ganado la <strong>mejor experiencia tur\u00edstica de Arag\u00f3n<\/strong> (otras 2 veces finalistas), hemos desarrollado proyectos con grupos de desarrollo locales (<strong>Adesho Hoya de Huesca<\/strong>, <strong>Adefo Cinco Villas<\/strong> y <strong>Ceder Somontano<\/strong>) para crear un producto tur\u00edstico cultural innovador como <a href=\"https:\/\/prepirineoclandestino.prepyr365.com\/\"><strong>Prepirineo Clandestino<\/strong><\/a>. Hemos desarrollado mas de 1.500 km de rutas a trav\u00e9s de traves\u00edas de <strong>senderismo<\/strong>, <strong>ecuestre<\/strong> y <strong>btt<\/strong> por el <strong>Prepirineo<\/strong>, con materiales de alta calidad en idiomas y desarrollado por nuestros empresarios.<\/p>\n<p>En los momentos dif\u00edciles, como este a\u00f1o, hemos sido capaces de afrontar la adversidad y trabajar para crear el primer <strong>Plan de Acci\u00f3n Tur\u00edstico de Arag\u00f3n<\/strong>, con un plan de est\u00edmulo econ\u00f3mico, formaci\u00f3n y una estrategia de promoci\u00f3n. Y por \u00faltimo y no menos importante, estamos tendiendo puentes con nuestros compa\u00f1eros de otras asociaciones como <strong>Sierra de Guara<\/strong>, <strong>Civitur<\/strong> y <strong>Reino de los Mallos<\/strong>, para intentar coordinarnos y trabajar acciones en com\u00fan.\u00a0 Todo cuesta, nada es f\u00e1cil, pero estoy convencido de que <strong><span style=\"color: #ff9900;\">Prepyr365<\/span><\/strong> es un proyecto de largo recorrido, sostenible y de kil\u00f3metro 0.<\/p>\n<p>&nbsp;<\/p>\n<ul>\n<li><strong><span style=\"color: #ff9900;\">\u00bf Qu\u00e9 es lo que m\u00e1s te gusta del Prepirineo?<\/span><\/strong><\/li>\n<\/ul>\n<p>La incre\u00edble diversidad de paisajes en un mismo territorio. Puedes estar sumergido en un profundo barranco de <strong><span style=\"color: #ff9900;\">Guara<\/span><\/strong> y tomar un vino en pleno <strong><span style=\"color: #ff9900;\">Somontano<\/span><\/strong> a menos de 1 hora. Puedes estar viendo las aves, escalando, pedaleando o haciendo<span style=\"color: #ff9900;\"><strong> rafting en el G\u00e1llego<\/strong><\/span> en un paisaje \u00fanico mundial como <span style=\"color: #ff9900;\"><strong>Reino de los Mallos<\/strong><\/span> con sus <strong>Mallos de Riglos, Ag\u00fcero y Pe\u00f1a Rueba<\/strong> e irte media hora al sur y estar en el Far West en <strong>Pirac\u00e9s<\/strong>. \u00a0Te puedes ir a andar a los frondosos bosques atl\u00e1nticos de <strong><span style=\"color: #ff9900;\">Sierra de Santo Domingo<\/span><\/strong>, paseando entre hayedos e irte media hora al sur y estar en el \u00fanico desierto estep\u00e1reo de Europa en la <strong>Bardena Negra<\/strong> o la <strong>Bardena Blanca<\/strong>. Dime en qu\u00e9 lugar del mundo puedes encontrar semejantes contrastes y que adem\u00e1s los puedas disfrutar los 365 d\u00edas del a\u00f1o.<\/p>\n<p><strong>\u00a0<\/strong><strong>\u00a0<\/strong><strong><img loading=\"lazy\" decoding=\"async\" class=\"size-large wp-image-994 alignnone\" src=\"https:\/\/www.prepyr365.com\/blog\/wp-content\/uploads\/2020\/06\/70I7629-1024x683.jpg\" alt=\"\" width=\"640\" height=\"427\" srcset=\"https:\/\/www.prepyr365.com\/blog\/wp-content\/uploads\/2020\/06\/70I7629-1024x683.jpg 1024w, https:\/\/www.prepyr365.com\/blog\/wp-content\/uploads\/2020\/06\/70I7629-300x200.jpg 300w, https:\/\/www.prepyr365.com\/blog\/wp-content\/uploads\/2020\/06\/70I7629-768x512.jpg 768w, https:\/\/www.prepyr365.com\/blog\/wp-content\/uploads\/2020\/06\/70I7629.jpg 1200w\" sizes=\"auto, (max-width: 640px) 100vw, 640px\" \/><\/strong><\/p>\n<p>&nbsp;<\/p>\n<ul>\n<li><span style=\"color: #ff9900;\"><strong>\u00bf Qu\u00e9 aficiones tienes?<\/strong><\/span><\/li>\n<\/ul>\n<p>Mucha gente conoce mi pasi\u00f3n por la <strong>bicicleta<\/strong>, ya que una de las actividades que hago con mi empresa <a href=\"https:\/\/insolitoproyectos.com\/\">Ins\u00f3lito. Ideas, proyectos y monta\u00f1as <\/a>es precisamente la creaci\u00f3n de destinos de <strong>bicicleta<\/strong> y adem\u00e1s organizo el evento internacional <a href=\"https:\/\/trans-nomad.com\/\">Trans-Nomad<\/a>. Pero me encanta escalar, andar y el trail running. Aunque la vida no me da para todo y lo que m\u00e1s tiempo dedico por pasi\u00f3n y por compartir buenos ratos con los amigos es la <strong>bicicleta en <a href=\"https:\/\/www.prepyr365.com\/es\/rutas\/bici-montana\/reinodelosmallosbike.html\">Reino de los Mallos Bike<\/a><\/strong> u otros destinos del Pirineo de <strong>Huesca<\/strong> o de otros puntos de Espa\u00f1a o del mundo.<\/p>\n<p>&nbsp;<\/p>\n<ul>\n<li><span style=\"color: #ff9900;\"><strong>\u00bf Que actividad de Prepyr nos puedes recomendar?<\/strong><\/span><\/li>\n<\/ul>\n<p>Tengo que recomendaros varias, \u00a1no s\u00f3lo una! \u00a0Para conocer el <strong>Prepirineo<\/strong> con amigos o en familia de una manera divertida y diferente sin duda hacer alguna de las rutas en busca del tesoro de <strong><span style=\"color: #ff9900;\">Prepirineo Clandestino<\/span><\/strong>. Si quieres vivir una experiencia \u00fanica y conocer las sierras de nuestro <strong>Prepirineo<\/strong>, te recomendar\u00eda cualquiera de nuestras traves\u00edas para bicicleta (<a href=\"https:\/\/www.prepyr365.com\/es\/rutas\/bici-montana\/prepirenaica-all-mountain.html\">Prepyr All Mountain<\/a> o <a href=\"https:\/\/www.prepyr365.com\/es\/rutas\/bici-montana\/prepirenaica-slow-medieval.html\">Prepyr Slow Medieval<\/a>), senderista o trail running (<a href=\"https:\/\/www.prepyr365.com\/es\/rutas\/senderismo\/prepirenaica-trail.html\">Prepirenaica Trail<\/a>) o ecuestre (<a href=\"https:\/\/www.prepyr365.com\/es\/rutas\/ecuestre\/prepyr-a-caballo.html\">Prepyr a caballo<\/a>). Si te gusta la naturaleza, no dudes en consultar algunas de las <a href=\"https:\/\/www.prepyr365.com\/es\/rutas\/naturaleza\/geobotanicas.html\">Rutas de Observaci\u00f3n en Guara Somontano<\/a> o cualquiera de las que tenemos de naturaleza. Si te gusta la aventura, tienes que hacer un barranco en <strong>Guara<\/strong>, surcar las aguas del <strong>G\u00e1llego<\/strong> haciendo <strong>rafting<\/strong> o probar una de las <strong>cinco ferratas que tenemos en el Prepirineo<\/strong>.<\/p>\n<p>Para senderistas, tanto en familia como de excursiones de media monta\u00f1a, <a href=\"https:\/\/www.prepyr365.com\/es\/rutas\/senderismo\/senderos-de-leyenda.html\">Senderos de Leyenda en Cinco Villas<\/a> es una apuesta segura donde todo el mundo va a disfrutar de unas excursiones preciosas y va a conocer mejor los secretos que esconden nuestros caminos. Y por supuesto, si te gusta la bicicleta, tienes que venir a probar las rutas reci\u00e9n acondicionadas y se\u00f1alizadas en el <span style=\"color: #ff9900;\"><strong>Reino de los Mallos<\/strong><\/span>.<\/p>\n","protected":false},"excerpt":{"rendered":"<p>Lleva al frente de Prepyr365 desde el nacimiento de la Asociaci\u00f3n hace ya cinco a\u00f1os y es uno de los [&hellip;]<\/p>\n","protected":false},"author":2,"featured_media":997,"comment_status":"closed","ping_status":"closed","sticky":false,"template":"","format":"standard","meta":{"footnotes":""},"categories":[1],"tags":[],"class_list":["post-992","post","type-post","status-publish","format-standard","has-post-thumbnail","hentry","category-sin-categoria"],"acf":[],"yoast_head":"<!-- This site is optimized with the Yoast SEO plugin v19.3 - https:\/\/yoast.com\/wordpress\/plugins\/seo\/ -->\n<title>PREPIRENAICXS - Javier Garc\u00eda, presidente de Prepyr365 - Prepyr<\/title>\n<meta name=\"robots\" content=\"index, follow, max-snippet:-1, max-image-preview:large, max-video-preview:-1\" \/>\n<link rel=\"canonical\" href=\"https:\/\/www.prepyr365.com\/blog\/prepirenaicxs-javier-garcia-presidente-prepyr365\/\" \/>\n<meta property=\"og:locale\" content=\"es_ES\" \/>\n<meta property=\"og:type\" content=\"article\" \/>\n<meta property=\"og:title\" content=\"PREPIRENAICXS - Javier Garc\u00eda, presidente de Prepyr365 - Prepyr\" \/>\n<meta property=\"og:description\" content=\"Lleva al frente de Prepyr365 desde el nacimiento de la Asociaci\u00f3n hace ya cinco a\u00f1os y es uno de los [&hellip;]\" \/>\n<meta property=\"og:url\" content=\"https:\/\/www.prepyr365.com\/blog\/prepirenaicxs-javier-garcia-presidente-prepyr365\/\" \/>\n<meta property=\"og:site_name\" content=\"Prepyr\" \/>\n<meta property=\"article:published_time\" content=\"2020-06-04T16:13:48+00:00\" \/>\n<meta property=\"article:modified_time\" content=\"2020-06-05T07:04:51+00:00\" \/>\n<meta property=\"og:image\" content=\"https:\/\/www.prepyr365.com\/blog\/wp-content\/uploads\/2020\/06\/Captura-de-pantalla-2020-06-04-a-las-16.55.22.png\" \/>\n\t<meta property=\"og:image:width\" content=\"807\" \/>\n\t<meta property=\"og:image:height\" content=\"483\" \/>\n\t<meta property=\"og:image:type\" content=\"image\/png\" \/>\n<meta name=\"author\" content=\"Prepyr365\" \/>\n<meta name=\"twitter:card\" content=\"summary\" \/>\n<meta name=\"twitter:creator\" content=\"@root\" \/>\n<meta name=\"twitter:label1\" content=\"Escrito por\" \/>\n\t<meta name=\"twitter:data1\" content=\"Prepyr365\" \/>\n\t<meta name=\"twitter:label2\" content=\"Tiempo de lectura\" \/>\n\t<meta name=\"twitter:data2\" content=\"6 minutos\" \/>\n<script type=\"application\/ld+json\" class=\"yoast-schema-graph\">{\"@context\":\"https:\/\/schema.org\",\"@graph\":[{\"@type\":\"WebSite\",\"@id\":\"https:\/\/www.prepyr365.com\/blog\/#website\",\"url\":\"https:\/\/www.prepyr365.com\/blog\/\",\"name\":\"Prepyr\",\"description\":\"\",\"potentialAction\":[{\"@type\":\"SearchAction\",\"target\":{\"@type\":\"EntryPoint\",\"urlTemplate\":\"https:\/\/www.prepyr365.com\/blog\/?s={search_term_string}\"},\"query-input\":\"required name=search_term_string\"}],\"inLanguage\":\"es\"},{\"@type\":\"ImageObject\",\"inLanguage\":\"es\",\"@id\":\"https:\/\/www.prepyr365.com\/blog\/prepirenaicxs-javier-garcia-presidente-prepyr365\/#primaryimage\",\"url\":\"https:\/\/www.prepyr365.com\/blog\/wp-content\/uploads\/2020\/06\/Captura-de-pantalla-2020-06-04-a-las-16.55.22.png\",\"contentUrl\":\"https:\/\/www.prepyr365.com\/blog\/wp-content\/uploads\/2020\/06\/Captura-de-pantalla-2020-06-04-a-las-16.55.22.png\",\"width\":807,\"height\":483},{\"@type\":\"WebPage\",\"@id\":\"https:\/\/www.prepyr365.com\/blog\/prepirenaicxs-javier-garcia-presidente-prepyr365\/\",\"url\":\"https:\/\/www.prepyr365.com\/blog\/prepirenaicxs-javier-garcia-presidente-prepyr365\/\",\"name\":\"PREPIRENAICXS - Javier Garc\u00eda, presidente de Prepyr365 - Prepyr\",\"isPartOf\":{\"@id\":\"https:\/\/www.prepyr365.com\/blog\/#website\"},\"primaryImageOfPage\":{\"@id\":\"https:\/\/www.prepyr365.com\/blog\/prepirenaicxs-javier-garcia-presidente-prepyr365\/#primaryimage\"},\"datePublished\":\"2020-06-04T16:13:48+00:00\",\"dateModified\":\"2020-06-05T07:04:51+00:00\",\"author\":{\"@id\":\"https:\/\/www.prepyr365.com\/blog\/#\/schema\/person\/2783d85ac982d6b95a73d910e0c243b7\"},\"breadcrumb\":{\"@id\":\"https:\/\/www.prepyr365.com\/blog\/prepirenaicxs-javier-garcia-presidente-prepyr365\/#breadcrumb\"},\"inLanguage\":\"es\",\"potentialAction\":[{\"@type\":\"ReadAction\",\"target\":[\"https:\/\/www.prepyr365.com\/blog\/prepirenaicxs-javier-garcia-presidente-prepyr365\/\"]}]},{\"@type\":\"BreadcrumbList\",\"@id\":\"https:\/\/www.prepyr365.com\/blog\/prepirenaicxs-javier-garcia-presidente-prepyr365\/#breadcrumb\",\"itemListElement\":[{\"@type\":\"ListItem\",\"position\":1,\"name\":\"Portada\",\"item\":\"https:\/\/www.prepyr365.com\/blog\/\"},{\"@type\":\"ListItem\",\"position\":2,\"name\":\"PREPIRENAICXS - Javier Garc\u00eda, presidente de Prepyr365\"}]},{\"@type\":\"Person\",\"@id\":\"https:\/\/www.prepyr365.com\/blog\/#\/schema\/person\/2783d85ac982d6b95a73d910e0c243b7\",\"name\":\"Prepyr365\",\"sameAs\":[\"https:\/\/twitter.com\/root\"],\"url\":\"https:\/\/www.prepyr365.com\/blog\/author\/prepyr365\/\"}]}<\/script>\n<!-- \/ Yoast SEO plugin. -->","yoast_head_json":{"title":"PREPIRENAICXS - Javier Garc\u00eda, presidente de Prepyr365 - Prepyr","robots":{"index":"index","follow":"follow","max-snippet":"max-snippet:-1","max-image-preview":"max-image-preview:large","max-video-preview":"max-video-preview:-1"},"canonical":"https:\/\/www.prepyr365.com\/blog\/prepirenaicxs-javier-garcia-presidente-prepyr365\/","og_locale":"es_ES","og_type":"article","og_title":"PREPIRENAICXS - Javier Garc\u00eda, presidente de Prepyr365 - Prepyr","og_description":"Lleva al frente de Prepyr365 desde el nacimiento de la Asociaci\u00f3n hace ya cinco a\u00f1os y es uno de los [&hellip;]","og_url":"https:\/\/www.prepyr365.com\/blog\/prepirenaicxs-javier-garcia-presidente-prepyr365\/","og_site_name":"Prepyr","article_published_time":"2020-06-04T16:13:48+00:00","article_modified_time":"2020-06-05T07:04:51+00:00","og_image":[{"width":807,"height":483,"url":"https:\/\/www.prepyr365.com\/blog\/wp-content\/uploads\/2020\/06\/Captura-de-pantalla-2020-06-04-a-las-16.55.22.png","type":"image\/png"}],"author":"Prepyr365","twitter_card":"summary","twitter_creator":"@root","twitter_misc":{"Escrito por":"Prepyr365","Tiempo de lectura":"6 minutos"},"schema":{"@context":"https:\/\/schema.org","@graph":[{"@type":"WebSite","@id":"https:\/\/www.prepyr365.com\/blog\/#website","url":"https:\/\/www.prepyr365.com\/blog\/","name":"Prepyr","description":"","potentialAction":[{"@type":"SearchAction","target":{"@type":"EntryPoint","urlTemplate":"https:\/\/www.prepyr365.com\/blog\/?s={search_term_string}"},"query-input":"required name=search_term_string"}],"inLanguage":"es"},{"@type":"ImageObject","inLanguage":"es","@id":"https:\/\/www.prepyr365.com\/blog\/prepirenaicxs-javier-garcia-presidente-prepyr365\/#primaryimage","url":"https:\/\/www.prepyr365.com\/blog\/wp-content\/uploads\/2020\/06\/Captura-de-pantalla-2020-06-04-a-las-16.55.22.png","contentUrl":"https:\/\/www.prepyr365.com\/blog\/wp-content\/uploads\/2020\/06\/Captura-de-pantalla-2020-06-04-a-las-16.55.22.png","width":807,"height":483},{"@type":"WebPage","@id":"https:\/\/www.prepyr365.com\/blog\/prepirenaicxs-javier-garcia-presidente-prepyr365\/","url":"https:\/\/www.prepyr365.com\/blog\/prepirenaicxs-javier-garcia-presidente-prepyr365\/","name":"PREPIRENAICXS - Javier Garc\u00eda, presidente de Prepyr365 - Prepyr","isPartOf":{"@id":"https:\/\/www.prepyr365.com\/blog\/#website"},"primaryImageOfPage":{"@id":"https:\/\/www.prepyr365.com\/blog\/prepirenaicxs-javier-garcia-presidente-prepyr365\/#primaryimage"},"datePublished":"2020-06-04T16:13:48+00:00","dateModified":"2020-06-05T07:04:51+00:00","author":{"@id":"https:\/\/www.prepyr365.com\/blog\/#\/schema\/person\/2783d85ac982d6b95a73d910e0c243b7"},"breadcrumb":{"@id":"https:\/\/www.prepyr365.com\/blog\/prepirenaicxs-javier-garcia-presidente-prepyr365\/#breadcrumb"},"inLanguage":"es","potentialAction":[{"@type":"ReadAction","target":["https:\/\/www.prepyr365.com\/blog\/prepirenaicxs-javier-garcia-presidente-prepyr365\/"]}]},{"@type":"BreadcrumbList","@id":"https:\/\/www.prepyr365.com\/blog\/prepirenaicxs-javier-garcia-presidente-prepyr365\/#breadcrumb","itemListElement":[{"@type":"ListItem","position":1,"name":"Portada","item":"https:\/\/www.prepyr365.com\/blog\/"},{"@type":"ListItem","position":2,"name":"PREPIRENAICXS - Javier Garc\u00eda, presidente de Prepyr365"}]},{"@type":"Person","@id":"https:\/\/www.prepyr365.com\/blog\/#\/schema\/person\/2783d85ac982d6b95a73d910e0c243b7","name":"Prepyr365","sameAs":["https:\/\/twitter.com\/root"],"url":"https:\/\/www.prepyr365.com\/blog\/author\/prepyr365\/"}]}},"_links":{"self":[{"href":"https:\/\/www.prepyr365.com\/blog\/wp-json\/wp\/v2\/posts\/992","targetHints":{"allow":["GET"]}}],"collection":[{"href":"https:\/\/www.prepyr365.com\/blog\/wp-json\/wp\/v2\/posts"}],"about":[{"href":"https:\/\/www.prepyr365.com\/blog\/wp-json\/wp\/v2\/types\/post"}],"author":[{"embeddable":true,"href":"https:\/\/www.prepyr365.com\/blog\/wp-json\/wp\/v2\/users\/2"}],"replies":[{"embeddable":true,"href":"https:\/\/www.prepyr365.com\/blog\/wp-json\/wp\/v2\/comments?post=992"}],"version-history":[{"count":8,"href":"https:\/\/www.prepyr365.com\/blog\/wp-json\/wp\/v2\/posts\/992\/revisions"}],"predecessor-version":[{"id":1004,"href":"https:\/\/www.prepyr365.com\/blog\/wp-json\/wp\/v2\/posts\/992\/revisions\/1004"}],"wp:featuredmedia":[{"embeddable":true,"href":"https:\/\/www.prepyr365.com\/blog\/wp-json\/wp\/v2\/media\/997"}],"wp:attachment":[{"href":"https:\/\/www.prepyr365.com\/blog\/wp-json\/wp\/v2\/media?parent=992"}],"wp:term":[{"taxonomy":"category","embeddable":true,"href":"https:\/\/www.prepyr365.com\/blog\/wp-json\/wp\/v2\/categories?post=992"},{"taxonomy":"post_tag","embeddable":true,"href":"https:\/\/www.prepyr365.com\/blog\/wp-json\/wp\/v2\/tags?post=992"}],"curies":[{"name":"wp","href":"https:\/\/api.w.org\/{rel}","templated":true}]}}